{"id":1064,"date":"2025-06-26T10:02:48","date_gmt":"2025-06-26T08:02:48","guid":{"rendered":"https:\/\/www.cencibel.es\/blog\/?p=1064"},"modified":"2025-06-26T10:02:49","modified_gmt":"2025-06-26T08:02:49","slug":"lo-que-tu-corbata-dice-de-ti-aunque-no-lo-sepas","status":"publish","type":"post","link":"https:\/\/www.cencibel.es\/blog\/lo-que-tu-corbata-dice-de-ti-aunque-no-lo-sepas\/","title":{"rendered":"Lo que tu corbata dice de ti (aunque no lo sepas)"},"content":{"rendered":"\n<p>Dicen que \u201cla ropa no hace al hombre\u201d, pero lo cierto es que lo viste, lo enmarca y, en muchos casos, tambi\u00e9n lo define. Y dentro de ese universo de tejidos, patrones y costuras, la corbata, lo queramos o no, habla por s\u00ed sola.<\/p>\n\n\n\n<p>No hablamos de un accesorio. Es m\u00e1s bien ese toque que revela tu estilo, actitud, personalidad o incluso estado de \u00e1nimo. Porque, \u00bfacaso no es distinta la elecci\u00f3n de una corbata de seda granate para una reuni\u00f3n importante que la de una corbata estampada para una cena con amigos?<\/p>\n\n\n\n<p>Hoy nos adentramos en el lenguaje silencioso de las corbatas. Te sorprender\u00e1 descubrir todo lo que una simple pieza de tela puede contar de ti.<\/p>\n\n\n\n<p><strong>El color: cuando el tono dicta el tono<\/strong><\/p>\n\n\n\n<p>\u201cVestirse es una forma de vida\u201d, dec\u00eda Yves Saint Laurent. Y dentro de ese ritual diario, el color que elegimos marca tanto el tono como el mensaje que proyectamos.<\/p>\n\n\n\n<ul class=\"wp-block-list\">\n<li><strong><a href=\"https:\/\/www.cencibel.es\/corbata-roja-1334\">Rojo<\/a><\/strong>: si tu color es el rojo, revelas intensidad, confianza y decisi\u00f3n. Una corbata roja no es para pasar desapercibido. Es para quien sabe lo que quiere y no le tiembla el pulso.<\/li>\n\n\n\n<li><strong><a href=\"https:\/\/www.cencibel.es\/corbata-azul-marino-cuadrille\">Azul marino<\/a><\/strong>: la serenidad, la profesionalidad y la fiabilidad son tu fuerte. El cl\u00e1sico por excelencia, la opci\u00f3n infalible cuando hay que transmitir equilibrio.<\/li>\n\n\n\n<li><strong><a href=\"https:\/\/www.cencibel.es\/corbata-verde-botella-grenadine\">Verde botella<\/a> o <a href=\"https:\/\/www.cencibel.es\/corbata-burdeos-granadine\">burdeos<\/a><\/strong>: aqu\u00ed empiezan los matices. Quien elige estos tonos suele tener una sensibilidad est\u00e9tica m\u00e1s afinada, cierto gusto por lo no evidente.<\/li>\n\n\n\n<li><strong><a href=\"https:\/\/www.cencibel.es\/catalogsearch\/result\/?q=Corbata+Liberty\">Colores pastel o estampados florales<\/a><\/strong>: creatividad, frescura, un punto bohemio. \u00bfUn evento al aire libre o una cita informal? Son la elecci\u00f3n del que sabe combinar libertad con elegancia.<\/li>\n<\/ul>\n\n\n\n<p>Sobra decir que hay tantas intenciones como colores. \u00bfQu\u00e9 buscas el equilibrio perfecto entre clasicismo y originalidad? La <a href=\"https:\/\/www.cencibel.es\/corbata-verde-esmeralda-lisa-brocada?_gl=1*j38f0m*_up*MQ..*_gs*MQ..&amp;gclid=Cj0KCQjwgIXCBhDBARIsAELC9ZgCd2Yrt71jGKedSy4YbI1Xs6Kjt8zI1rfwmhQVbX_E9B0B_VZBIe0aAl-dEALw_wcB&amp;gbraid=0AAAAAD2p-hTLt696cQtjNR_DKPkd0GeVj\">corbata verde esmeralda de seda<\/a> con textura ser\u00eda una opci\u00f3n m\u00e1s que avertada.<\/p>\n\n\n\n<figure class=\"wp-block-gallery has-nested-images columns-default is-cropped wp-block-gallery-1 is-layout-flex wp-block-gallery-is-layout-flex\">\n<figure class=\"wp-block-image size-large\"><img loading=\"lazy\" decoding=\"async\" width=\"683\" height=\"1024\" data-id=\"1066\" src=\"https:\/\/www.cencibel.es\/blog\/wp-content\/uploads\/2025\/06\/SHOOTING-CENCIBEL-31-683x1024.jpg\" alt=\"\" class=\"wp-image-1066\" srcset=\"https:\/\/www.cencibel.es\/blog\/wp-content\/uploads\/2025\/06\/SHOOTING-CENCIBEL-31-683x1024.jpg 683w, https:\/\/www.cencibel.es\/blog\/wp-content\/uploads\/2025\/06\/SHOOTING-CENCIBEL-31-200x300.jpg 200w, https:\/\/www.cencibel.es\/blog\/wp-content\/uploads\/2025\/06\/SHOOTING-CENCIBEL-31-768x1152.jpg 768w, https:\/\/www.cencibel.es\/blog\/wp-content\/uploads\/2025\/06\/SHOOTING-CENCIBEL-31-1024x1536.jpg 1024w, https:\/\/www.cencibel.es\/blog\/wp-content\/uploads\/2025\/06\/SHOOTING-CENCIBEL-31.jpg 1080w\" sizes=\"auto, (max-width: 683px) 100vw, 683px\" \/><\/figure>\n\n\n\n<figure class=\"wp-block-image size-large\"><img loading=\"lazy\" decoding=\"async\" width=\"683\" height=\"1024\" data-id=\"1067\" src=\"https:\/\/www.cencibel.es\/blog\/wp-content\/uploads\/2025\/06\/SHOOTING-CENCIBEL-64-683x1024.jpg\" alt=\"\" class=\"wp-image-1067\" srcset=\"https:\/\/www.cencibel.es\/blog\/wp-content\/uploads\/2025\/06\/SHOOTING-CENCIBEL-64-683x1024.jpg 683w, https:\/\/www.cencibel.es\/blog\/wp-content\/uploads\/2025\/06\/SHOOTING-CENCIBEL-64-200x300.jpg 200w, https:\/\/www.cencibel.es\/blog\/wp-content\/uploads\/2025\/06\/SHOOTING-CENCIBEL-64-768x1152.jpg 768w, https:\/\/www.cencibel.es\/blog\/wp-content\/uploads\/2025\/06\/SHOOTING-CENCIBEL-64-1024x1536.jpg 1024w, https:\/\/www.cencibel.es\/blog\/wp-content\/uploads\/2025\/06\/SHOOTING-CENCIBEL-64.jpg 1080w\" sizes=\"auto, (max-width: 683px) 100vw, 683px\" \/><\/figure>\n<\/figure>\n\n\n\n<p><\/p>\n\n\n\n<p><strong>El nudo: m\u00e1s que una cuesti\u00f3n t\u00e9cnica<\/strong><\/p>\n\n\n\n<p>Podemos pasar a\u00f1os haciendo el mismo nudo de corbata sin pensarlo dos veces. Pero lo cierto es que la forma de anudar este accesorio tambi\u00e9n revela pistas sobre ti.<\/p>\n\n\n\n<ul class=\"wp-block-list\">\n<li><strong>Nudo simple o Four-in-Hand<\/strong>: r\u00e1pido, estrecho, vers\u00e1til. Es el nudo del pragm\u00e1tico, del que no necesita artificios para destacar.<\/li>\n\n\n\n<li><strong>Nudo Windsor<\/strong>: amplio, sim\u00e9trico, imponente. Quien lo lleva suele ser meticuloso, perfeccionista, alguien que presta atenci\u00f3n al detalle.<\/li>\n\n\n\n<li><strong>Nudo doble o Pr\u00edncipe Alberto<\/strong>: sofisticado con un punto dandy. Ideal para los que cuidan su imagen con mimo y disfrutan del ritual de vestirse.<\/li>\n<\/ul>\n\n\n\n<p>Adem\u00e1s, c\u00f3mo colocas el nudo, si dejas el \u00abdimple\u00bb (ese peque\u00f1o pliegue en el centro), o si lo ajustas al mil\u00edmetro o con m\u00e1s soltura\u2026 son detalles que dicen mucho. \u00bfEres de los que lleva la corbata impecable o prefieres ese punto deshecho y deliberadamente informal?<\/p>\n\n\n\n<p><strong>El estampado: entre la discreci\u00f3n y la osad\u00eda<\/strong><\/p>\n\n\n\n<p>No basta con decir que lo liso es sobrio y lo estampado es expresivo. El patr\u00f3n que eliges tambi\u00e9n construye tu relato visual.<\/p>\n\n\n\n<ul class=\"wp-block-list\">\n<li><strong>Corbatas lisas<\/strong>: elige una lisa y la atenci\u00f3n va directa a tu rostro. Son el equivalente visual del \u201cmenos es m\u00e1s\u201d. Ideales para primeras citas, entrevistas o eventos donde no quieres que la ropa te delate de m\u00e1s.<\/li>\n\n\n\n<li><strong>Rayas diagonales<\/strong>: el toque british. Denotan orden, tradici\u00f3n, incluso un punto institucional. Pero si combinas bien los colores, pueden modernizarse al instante.<\/li>\n\n\n\n<li><strong>Motivos peque\u00f1os<\/strong> (como micro lunares, puntos o peque\u00f1os emblemas): la definici\u00f3n de la discreta sofisticaci\u00f3n. Detalles que solo se aprecian de cerca, son perfectos para quienes prefieren sorprender en segunda lectura.<\/li>\n\n\n\n<li><strong>Estampados atrevidos<\/strong> (paisleys, florales, abstractos): el que se siente c\u00f3modo con alguna de estas opciones, es porque se atreve con todo y no busca pasar desapercibido. Tiene una est\u00e9tica definida y no le teme a arriesgar.<\/li>\n<\/ul>\n\n\n\n<p><strong>Tu corbata: toda una declaraci\u00f3n de intenciones<\/strong><\/p>\n\n\n\n<p>Tu estilo es tu forma de decir qui\u00e9n eres sin tener que hablar. Y la corbata, por su posici\u00f3n privilegiada en el look masculino, es uno de los elementos que m\u00e1s puede decir\u2026 o silenciar.<\/p>\n\n\n\n<p>No importa si eres de nudo r\u00e1pido y tonos neutros o de estampados atrevidos con mensajes entre l\u00edneas. Lo que importa es que lo lleves con convicci\u00f3n. Porque la elegancia no est\u00e1 en el qu\u00e9, sino en el c\u00f3mo.<\/p>\n\n\n\n<p>As\u00ed que la pr\u00f3xima vez que abras el armario y escojas una corbata, piensa: \u201c\u00bfQu\u00e9 busco transmitir hoy?\u201d<\/p>\n\n\n\n<figure class=\"wp-block-gallery has-nested-images columns-default is-cropped wp-block-gallery-2 is-layout-flex wp-block-gallery-is-layout-flex\">\n<figure class=\"wp-block-image size-large\"><img loading=\"lazy\" decoding=\"async\" width=\"1024\" height=\"1024\" data-id=\"1070\" src=\"https:\/\/www.cencibel.es\/blog\/wp-content\/uploads\/2025\/06\/U2A1125_6_c-1024x1024.jpg\" alt=\"\" class=\"wp-image-1070\" srcset=\"https:\/\/www.cencibel.es\/blog\/wp-content\/uploads\/2025\/06\/U2A1125_6_c-1024x1024.jpg 1024w, https:\/\/www.cencibel.es\/blog\/wp-content\/uploads\/2025\/06\/U2A1125_6_c-300x300.jpg 300w, https:\/\/www.cencibel.es\/blog\/wp-content\/uploads\/2025\/06\/U2A1125_6_c-150x150.jpg 150w, https:\/\/www.cencibel.es\/blog\/wp-content\/uploads\/2025\/06\/U2A1125_6_c-768x768.jpg 768w, https:\/\/www.cencibel.es\/blog\/wp-content\/uploads\/2025\/06\/U2A1125_6_c-1140x1140.jpg 1140w, https:\/\/www.cencibel.es\/blog\/wp-content\/uploads\/2025\/06\/U2A1125_6_c-75x75.jpg 75w, https:\/\/www.cencibel.es\/blog\/wp-content\/uploads\/2025\/06\/U2A1125_6_c.jpg 1500w\" sizes=\"auto, (max-width: 1024px) 100vw, 1024px\" \/><\/figure>\n\n\n\n<figure class=\"wp-block-image size-large\"><img loading=\"lazy\" decoding=\"async\" width=\"1024\" height=\"1024\" data-id=\"1069\" src=\"https:\/\/www.cencibel.es\/blog\/wp-content\/uploads\/2025\/06\/30457-2c-1024x1024.jpg\" alt=\"\" class=\"wp-image-1069\" srcset=\"https:\/\/www.cencibel.es\/blog\/wp-content\/uploads\/2025\/06\/30457-2c-1024x1024.jpg 1024w, https:\/\/www.cencibel.es\/blog\/wp-content\/uploads\/2025\/06\/30457-2c-300x300.jpg 300w, https:\/\/www.cencibel.es\/blog\/wp-content\/uploads\/2025\/06\/30457-2c-150x150.jpg 150w, https:\/\/www.cencibel.es\/blog\/wp-content\/uploads\/2025\/06\/30457-2c-768x768.jpg 768w, https:\/\/www.cencibel.es\/blog\/wp-content\/uploads\/2025\/06\/30457-2c-1140x1140.jpg 1140w, https:\/\/www.cencibel.es\/blog\/wp-content\/uploads\/2025\/06\/30457-2c-75x75.jpg 75w, https:\/\/www.cencibel.es\/blog\/wp-content\/uploads\/2025\/06\/30457-2c.jpg 1500w\" sizes=\"auto, (max-width: 1024px) 100vw, 1024px\" \/><\/figure>\n<\/figure>\n\n<div class=\"kk-star-ratings\n     kksr-valign-bottom     kksr-align-left    \"\n    data-payload=\"{&quot;align&quot;:&quot;left&quot;,&quot;id&quot;:&quot;1064&quot;,&quot;slug&quot;:&quot;default&quot;,&quot;valign&quot;:&quot;bottom&quot;,&quot;reference&quot;:&quot;auto&quot;,&quot;count&quot;:&quot;1&quot;,&quot;readonly&quot;:&quot;&quot;,&quot;score&quot;:&quot;5&quot;,&quot;best&quot;:&quot;5&quot;,&quot;gap&quot;:&quot;4&quot;,&quot;greet&quot;:&quot;Rate this post&quot;,&quot;legend&quot;:&quot;5\\\/5 - (1 voto)&quot;,&quot;size&quot;:&quot;24&quot;,&quot;width&quot;:&quot;138&quot;,&quot;_legend&quot;:&quot;{score}\\\/{best} - ({count} {votes})&quot;}\">\n    \n<div class=\"kksr-stars\">\n    \n<div class=\"kksr-stars-inactive\">\n            <div class=\"kksr-star\" data-star=\"1\" style=\"padding-right: 4px\">\n            \n\n<div class=\"kksr-icon\" style=\"width: 24px; height: 24px;\"><\/div>\n        <\/div>\n            <div class=\"kksr-star\" data-star=\"2\" style=\"padding-right: 4px\">\n            \n\n<div class=\"kksr-icon\" style=\"width: 24px; height: 24px;\"><\/div>\n        <\/div>\n            <div class=\"kksr-star\" data-star=\"3\" style=\"padding-right: 4px\">\n            \n\n<div class=\"kksr-icon\" style=\"width: 24px; height: 24px;\"><\/div>\n        <\/div>\n            <div class=\"kksr-star\" data-star=\"4\" style=\"padding-right: 4px\">\n            \n\n<div class=\"kksr-icon\" style=\"width: 24px; height: 24px;\"><\/div>\n        <\/div>\n            <div class=\"kksr-star\" data-star=\"5\" style=\"padding-right: 4px\">\n            \n\n<div class=\"kksr-icon\" style=\"width: 24px; height: 24px;\"><\/div>\n        <\/div>\n    <\/div>\n    \n<div class=\"kksr-stars-active\" style=\"width: 138px;\">\n            <div class=\"kksr-star\" style=\"padding-right: 4px\">\n            \n\n<div class=\"kksr-icon\" style=\"width: 24px; height: 24px;\"><\/div>\n        <\/div>\n            <div class=\"kksr-star\" style=\"padding-right: 4px\">\n            \n\n<div class=\"kksr-icon\" style=\"width: 24px; height: 24px;\"><\/div>\n        <\/div>\n            <div class=\"kksr-star\" style=\"padding-right: 4px\">\n            \n\n<div class=\"kksr-icon\" style=\"width: 24px; height: 24px;\"><\/div>\n        <\/div>\n            <div class=\"kksr-star\" style=\"padding-right: 4px\">\n            \n\n<div class=\"kksr-icon\" style=\"width: 24px; height: 24px;\"><\/div>\n        <\/div>\n            <div class=\"kksr-star\" style=\"padding-right: 4px\">\n            \n\n<div class=\"kksr-icon\" style=\"width: 24px; height: 24px;\"><\/div>\n        <\/div>\n    <\/div>\n<\/div>\n    \n<div class=\"kksr-legend\">\n            5\/5 - (1 voto)    <\/div>\n<\/div>\n","protected":false},"excerpt":{"rendered":"<p>Dicen que \u201cla ropa no hace al hombre\u201d, pero lo cierto es que lo viste, lo enmarca y, en muchos casos, tambi\u00e9n lo define. Y dentro de ese universo de tejidos, patrones y costuras, la corbata, lo queramos o no, habla por s\u00ed sola. No hablamos de un accesorio. Es m\u00e1s bien ese toque que revela tu estilo, actitud, personalidad o incluso estado de \u00e1nimo. Porque, \u00bfacaso no es distinta la elecci\u00f3n de una corbata de seda granate para una reuni\u00f3n importante que la de una corbata estampada para una cena con amigos? Hoy nos adentramos en el lenguaje silencioso de las corbatas. Te sorprender\u00e1 descubrir todo lo que una simple pieza de tela puede contar de ti. El color: cuando el tono dicta el tono \u201cVestirse es una forma de vida\u201d, dec\u00eda Yves Saint Laurent. Y dentro de ese ritual diario, el color que elegimos marca tanto el tono como el mensaje que proyectamos. Sobra decir que hay tantas intenciones como colores. \u00bfQu\u00e9 buscas el equilibrio perfecto entre clasicismo y originalidad? La corbata verde esmeralda de seda con textura ser\u00eda una opci\u00f3n m\u00e1s que avertada. El nudo: m\u00e1s que una cuesti\u00f3n t\u00e9cnica Podemos pasar a\u00f1os haciendo el mismo nudo de corbata sin pensarlo dos veces. Pero lo cierto es que la forma de anudar este accesorio tambi\u00e9n revela pistas sobre ti. Adem\u00e1s, c\u00f3mo colocas el nudo, si dejas el \u00abdimple\u00bb (ese peque\u00f1o pliegue en el centro), o si lo ajustas al mil\u00edmetro o con m\u00e1s soltura\u2026 son detalles que dicen mucho. \u00bfEres de los que lleva la corbata impecable o prefieres ese punto deshecho y deliberadamente informal? El estampado: entre la discreci\u00f3n y la osad\u00eda No basta con decir que lo liso es sobrio y lo estampado es expresivo. El patr\u00f3n que eliges tambi\u00e9n construye tu relato visual. Tu corbata: toda una declaraci\u00f3n de intenciones Tu estilo es tu forma de decir qui\u00e9n eres sin tener que hablar. Y la corbata, por su posici\u00f3n privilegiada en el look masculino, es uno de los elementos que m\u00e1s puede decir\u2026 o silenciar. No importa si eres de nudo r\u00e1pido y tonos neutros o de estampados atrevidos con mensajes entre l\u00edneas. Lo que importa es que lo lleves con convicci\u00f3n. Porque la elegancia no est\u00e1 en el qu\u00e9, sino en el c\u00f3mo. As\u00ed que la pr\u00f3xima vez que abras el armario y escojas una corbata, piensa: \u201c\u00bfQu\u00e9 busco transmitir hoy?\u201d 5\/5 &#8211; (1 voto)<\/p>\n","protected":false},"author":2,"featured_media":1065,"comment_status":"open","ping_status":"open","sticky":false,"template":"","format":"standard","meta":{"_monsterinsights_skip_tracking":false,"_monsterinsights_sitenote_active":false,"_monsterinsights_sitenote_note":"","_monsterinsights_sitenote_category":0,"footnotes":""},"categories":[2],"tags":[19,21,3],"class_list":["post-1064","post","type-post","status-publish","format-standard","has-post-thumbnail","hentry","category-moda-masculina","tag-corbata-boda","tag-corbata-para-un-evento","tag-corbatas"],"yoast_head":"<!-- This site is optimized with the Yoast SEO plugin v25.3.1 - https:\/\/yoast.com\/wordpress\/plugins\/seo\/ -->\n<title>Lo que tu corbata dice de ti (aunque no lo sepas) - Cencibel<\/title>\n<meta name=\"robots\" content=\"index, follow, max-snippet:-1, max-image-preview:large, max-video-preview:-1\" \/>\n<link rel=\"canonical\" href=\"https:\/\/www.cencibel.es\/blog\/lo-que-tu-corbata-dice-de-ti-aunque-no-lo-sepas\/\" \/>\n<meta property=\"og:locale\" content=\"es_ES\" \/>\n<meta property=\"og:type\" content=\"article\" \/>\n<meta property=\"og:title\" content=\"Lo que tu corbata dice de ti (aunque no lo sepas) - Cencibel\" \/>\n<meta property=\"og:description\" content=\"Dicen que \u201cla ropa no hace al hombre\u201d, pero lo cierto es que lo viste, lo enmarca y, en muchos casos, tambi\u00e9n lo define. Y dentro de ese universo de tejidos, patrones y costuras, la corbata, lo queramos o no, habla por s\u00ed sola. No hablamos de un accesorio. Es m\u00e1s bien ese toque que revela tu estilo, actitud, personalidad o incluso estado de \u00e1nimo. Porque, \u00bfacaso no es distinta la elecci\u00f3n de una corbata de seda granate para una reuni\u00f3n importante que la de una corbata estampada para una cena con amigos? Hoy nos adentramos en el lenguaje silencioso de las corbatas. Te sorprender\u00e1 descubrir todo lo que una simple pieza de tela puede contar de ti. El color: cuando el tono dicta el tono \u201cVestirse es una forma de vida\u201d, dec\u00eda Yves Saint Laurent. Y dentro de ese ritual diario, el color que elegimos marca tanto el tono como el mensaje que proyectamos. Sobra decir que hay tantas intenciones como colores. \u00bfQu\u00e9 buscas el equilibrio perfecto entre clasicismo y originalidad? La corbata verde esmeralda de seda con textura ser\u00eda una opci\u00f3n m\u00e1s que avertada. El nudo: m\u00e1s que una cuesti\u00f3n t\u00e9cnica Podemos pasar a\u00f1os haciendo el mismo nudo de corbata sin pensarlo dos veces. Pero lo cierto es que la forma de anudar este accesorio tambi\u00e9n revela pistas sobre ti. Adem\u00e1s, c\u00f3mo colocas el nudo, si dejas el \u00abdimple\u00bb (ese peque\u00f1o pliegue en el centro), o si lo ajustas al mil\u00edmetro o con m\u00e1s soltura\u2026 son detalles que dicen mucho. \u00bfEres de los que lleva la corbata impecable o prefieres ese punto deshecho y deliberadamente informal? El estampado: entre la discreci\u00f3n y la osad\u00eda No basta con decir que lo liso es sobrio y lo estampado es expresivo. El patr\u00f3n que eliges tambi\u00e9n construye tu relato visual. Tu corbata: toda una declaraci\u00f3n de intenciones Tu estilo es tu forma de decir qui\u00e9n eres sin tener que hablar. Y la corbata, por su posici\u00f3n privilegiada en el look masculino, es uno de los elementos que m\u00e1s puede decir\u2026 o silenciar. No importa si eres de nudo r\u00e1pido y tonos neutros o de estampados atrevidos con mensajes entre l\u00edneas. Lo que importa es que lo lleves con convicci\u00f3n. Porque la elegancia no est\u00e1 en el qu\u00e9, sino en el c\u00f3mo. As\u00ed que la pr\u00f3xima vez que abras el armario y escojas una corbata, piensa: \u201c\u00bfQu\u00e9 busco transmitir hoy?\u201d 5\/5 - (1 voto)\" \/>\n<meta property=\"og:url\" content=\"https:\/\/www.cencibel.es\/blog\/lo-que-tu-corbata-dice-de-ti-aunque-no-lo-sepas\/\" \/>\n<meta property=\"og:site_name\" content=\"Cencibel\" \/>\n<meta property=\"article:publisher\" content=\"https:\/\/www.facebook.com\/cencibel\/\" \/>\n<meta property=\"article:published_time\" content=\"2025-06-26T08:02:48+00:00\" \/>\n<meta property=\"article:modified_time\" content=\"2025-06-26T08:02:49+00:00\" \/>\n<meta property=\"og:image\" content=\"https:\/\/www.cencibel.es\/blog\/wp-content\/uploads\/2025\/06\/chaqueta3-e1750924364425.jpg\" \/>\n\t<meta property=\"og:image:width\" content=\"1920\" \/>\n\t<meta property=\"og:image:height\" content=\"1250\" \/>\n\t<meta property=\"og:image:type\" content=\"image\/jpeg\" \/>\n<meta name=\"author\" content=\"Cencibel\" \/>\n<meta name=\"twitter:card\" content=\"summary_large_image\" \/>\n<meta name=\"twitter:creator\" content=\"@cencibelties\" \/>\n<meta name=\"twitter:site\" content=\"@cencibelties\" \/>\n<meta name=\"twitter:label1\" content=\"Escrito por\" \/>\n\t<meta name=\"twitter:data1\" content=\"Cencibel\" \/>\n\t<meta name=\"twitter:label2\" content=\"Tiempo de lectura\" \/>\n\t<meta name=\"twitter:data2\" content=\"5 minutos\" \/>\n<script type=\"application\/ld+json\" class=\"yoast-schema-graph\">{\"@context\":\"https:\/\/schema.org\",\"@graph\":[{\"@type\":\"Article\",\"@id\":\"https:\/\/www.cencibel.es\/blog\/lo-que-tu-corbata-dice-de-ti-aunque-no-lo-sepas\/#article\",\"isPartOf\":{\"@id\":\"https:\/\/www.cencibel.es\/blog\/lo-que-tu-corbata-dice-de-ti-aunque-no-lo-sepas\/\"},\"author\":{\"name\":\"Cencibel\",\"@id\":\"https:\/\/www.cencibel.es\/blog\/#\/schema\/person\/8b2fc92ea0a3467fd6c2e3c2f7d100a2\"},\"headline\":\"Lo que tu corbata dice de ti (aunque no lo sepas)\",\"datePublished\":\"2025-06-26T08:02:48+00:00\",\"dateModified\":\"2025-06-26T08:02:49+00:00\",\"mainEntityOfPage\":{\"@id\":\"https:\/\/www.cencibel.es\/blog\/lo-que-tu-corbata-dice-de-ti-aunque-no-lo-sepas\/\"},\"wordCount\":762,\"commentCount\":0,\"publisher\":{\"@id\":\"https:\/\/www.cencibel.es\/blog\/#organization\"},\"image\":{\"@id\":\"https:\/\/www.cencibel.es\/blog\/lo-que-tu-corbata-dice-de-ti-aunque-no-lo-sepas\/#primaryimage\"},\"thumbnailUrl\":\"https:\/\/www.cencibel.es\/blog\/wp-content\/uploads\/2025\/06\/chaqueta3-e1750924364425.jpg\",\"keywords\":[\"Corbata boda\",\"corbata para un evento\",\"Corbatas\"],\"articleSection\":[\"Estilo\"],\"inLanguage\":\"es\",\"potentialAction\":[{\"@type\":\"CommentAction\",\"name\":\"Comment\",\"target\":[\"https:\/\/www.cencibel.es\/blog\/lo-que-tu-corbata-dice-de-ti-aunque-no-lo-sepas\/#respond\"]}]},{\"@type\":\"WebPage\",\"@id\":\"https:\/\/www.cencibel.es\/blog\/lo-que-tu-corbata-dice-de-ti-aunque-no-lo-sepas\/\",\"url\":\"https:\/\/www.cencibel.es\/blog\/lo-que-tu-corbata-dice-de-ti-aunque-no-lo-sepas\/\",\"name\":\"Lo que tu corbata dice de ti (aunque no lo sepas) - Cencibel\",\"isPartOf\":{\"@id\":\"https:\/\/www.cencibel.es\/blog\/#website\"},\"primaryImageOfPage\":{\"@id\":\"https:\/\/www.cencibel.es\/blog\/lo-que-tu-corbata-dice-de-ti-aunque-no-lo-sepas\/#primaryimage\"},\"image\":{\"@id\":\"https:\/\/www.cencibel.es\/blog\/lo-que-tu-corbata-dice-de-ti-aunque-no-lo-sepas\/#primaryimage\"},\"thumbnailUrl\":\"https:\/\/www.cencibel.es\/blog\/wp-content\/uploads\/2025\/06\/chaqueta3-e1750924364425.jpg\",\"datePublished\":\"2025-06-26T08:02:48+00:00\",\"dateModified\":\"2025-06-26T08:02:49+00:00\",\"breadcrumb\":{\"@id\":\"https:\/\/www.cencibel.es\/blog\/lo-que-tu-corbata-dice-de-ti-aunque-no-lo-sepas\/#breadcrumb\"},\"inLanguage\":\"es\",\"potentialAction\":[{\"@type\":\"ReadAction\",\"target\":[\"https:\/\/www.cencibel.es\/blog\/lo-que-tu-corbata-dice-de-ti-aunque-no-lo-sepas\/\"]}]},{\"@type\":\"ImageObject\",\"inLanguage\":\"es\",\"@id\":\"https:\/\/www.cencibel.es\/blog\/lo-que-tu-corbata-dice-de-ti-aunque-no-lo-sepas\/#primaryimage\",\"url\":\"https:\/\/www.cencibel.es\/blog\/wp-content\/uploads\/2025\/06\/chaqueta3-e1750924364425.jpg\",\"contentUrl\":\"https:\/\/www.cencibel.es\/blog\/wp-content\/uploads\/2025\/06\/chaqueta3-e1750924364425.jpg\",\"width\":1920,\"height\":1250},{\"@type\":\"BreadcrumbList\",\"@id\":\"https:\/\/www.cencibel.es\/blog\/lo-que-tu-corbata-dice-de-ti-aunque-no-lo-sepas\/#breadcrumb\",\"itemListElement\":[{\"@type\":\"ListItem\",\"position\":1,\"name\":\"Portada\",\"item\":\"https:\/\/www.cencibel.es\/blog\/\"},{\"@type\":\"ListItem\",\"position\":2,\"name\":\"Lo que tu corbata dice de ti (aunque no lo sepas)\"}]},{\"@type\":\"WebSite\",\"@id\":\"https:\/\/www.cencibel.es\/blog\/#website\",\"url\":\"https:\/\/www.cencibel.es\/blog\/\",\"name\":\"Cencibel\",\"description\":\"Blog de moda masculina\",\"publisher\":{\"@id\":\"https:\/\/www.cencibel.es\/blog\/#organization\"},\"potentialAction\":[{\"@type\":\"SearchAction\",\"target\":{\"@type\":\"EntryPoint\",\"urlTemplate\":\"https:\/\/www.cencibel.es\/blog\/?s={search_term_string}\"},\"query-input\":{\"@type\":\"PropertyValueSpecification\",\"valueRequired\":true,\"valueName\":\"search_term_string\"}}],\"inLanguage\":\"es\"},{\"@type\":\"Organization\",\"@id\":\"https:\/\/www.cencibel.es\/blog\/#organization\",\"name\":\"CENCIBEL\",\"url\":\"https:\/\/www.cencibel.es\/blog\/\",\"logo\":{\"@type\":\"ImageObject\",\"inLanguage\":\"es\",\"@id\":\"https:\/\/www.cencibel.es\/blog\/#\/schema\/logo\/image\/\",\"url\":\"https:\/\/www.cencibel.es\/blog\/wp-content\/uploads\/2020\/04\/logo-cencibel.png\",\"contentUrl\":\"https:\/\/www.cencibel.es\/blog\/wp-content\/uploads\/2020\/04\/logo-cencibel.png\",\"width\":157,\"height\":129,\"caption\":\"CENCIBEL\"},\"image\":{\"@id\":\"https:\/\/www.cencibel.es\/blog\/#\/schema\/logo\/image\/\"},\"sameAs\":[\"https:\/\/www.facebook.com\/cencibel\/\",\"https:\/\/x.com\/cencibelties\"]},{\"@type\":\"Person\",\"@id\":\"https:\/\/www.cencibel.es\/blog\/#\/schema\/person\/8b2fc92ea0a3467fd6c2e3c2f7d100a2\",\"name\":\"Cencibel\",\"image\":{\"@type\":\"ImageObject\",\"inLanguage\":\"es\",\"@id\":\"https:\/\/www.cencibel.es\/blog\/#\/schema\/person\/image\/\",\"url\":\"https:\/\/secure.gravatar.com\/avatar\/f18f4c495d7668060b70ea4d64213c64cb98fd0d06d267a1c1d8208bcb93f77b?s=96&d=mm&r=g\",\"contentUrl\":\"https:\/\/secure.gravatar.com\/avatar\/f18f4c495d7668060b70ea4d64213c64cb98fd0d06d267a1c1d8208bcb93f77b?s=96&d=mm&r=g\",\"caption\":\"Cencibel\"},\"sameAs\":[\"https:\/\/www.cencibel.es\"]}]}<\/script>\n<!-- \/ Yoast SEO plugin. -->","yoast_head_json":{"title":"Lo que tu corbata dice de ti (aunque no lo sepas) - Cencibel","robots":{"index":"index","follow":"follow","max-snippet":"max-snippet:-1","max-image-preview":"max-image-preview:large","max-video-preview":"max-video-preview:-1"},"canonical":"https:\/\/www.cencibel.es\/blog\/lo-que-tu-corbata-dice-de-ti-aunque-no-lo-sepas\/","og_locale":"es_ES","og_type":"article","og_title":"Lo que tu corbata dice de ti (aunque no lo sepas) - Cencibel","og_description":"Dicen que \u201cla ropa no hace al hombre\u201d, pero lo cierto es que lo viste, lo enmarca y, en muchos casos, tambi\u00e9n lo define. Y dentro de ese universo de tejidos, patrones y costuras, la corbata, lo queramos o no, habla por s\u00ed sola. No hablamos de un accesorio. Es m\u00e1s bien ese toque que revela tu estilo, actitud, personalidad o incluso estado de \u00e1nimo. Porque, \u00bfacaso no es distinta la elecci\u00f3n de una corbata de seda granate para una reuni\u00f3n importante que la de una corbata estampada para una cena con amigos? Hoy nos adentramos en el lenguaje silencioso de las corbatas. Te sorprender\u00e1 descubrir todo lo que una simple pieza de tela puede contar de ti. El color: cuando el tono dicta el tono \u201cVestirse es una forma de vida\u201d, dec\u00eda Yves Saint Laurent. Y dentro de ese ritual diario, el color que elegimos marca tanto el tono como el mensaje que proyectamos. Sobra decir que hay tantas intenciones como colores. \u00bfQu\u00e9 buscas el equilibrio perfecto entre clasicismo y originalidad? La corbata verde esmeralda de seda con textura ser\u00eda una opci\u00f3n m\u00e1s que avertada. El nudo: m\u00e1s que una cuesti\u00f3n t\u00e9cnica Podemos pasar a\u00f1os haciendo el mismo nudo de corbata sin pensarlo dos veces. Pero lo cierto es que la forma de anudar este accesorio tambi\u00e9n revela pistas sobre ti. Adem\u00e1s, c\u00f3mo colocas el nudo, si dejas el \u00abdimple\u00bb (ese peque\u00f1o pliegue en el centro), o si lo ajustas al mil\u00edmetro o con m\u00e1s soltura\u2026 son detalles que dicen mucho. \u00bfEres de los que lleva la corbata impecable o prefieres ese punto deshecho y deliberadamente informal? El estampado: entre la discreci\u00f3n y la osad\u00eda No basta con decir que lo liso es sobrio y lo estampado es expresivo. El patr\u00f3n que eliges tambi\u00e9n construye tu relato visual. Tu corbata: toda una declaraci\u00f3n de intenciones Tu estilo es tu forma de decir qui\u00e9n eres sin tener que hablar. Y la corbata, por su posici\u00f3n privilegiada en el look masculino, es uno de los elementos que m\u00e1s puede decir\u2026 o silenciar. No importa si eres de nudo r\u00e1pido y tonos neutros o de estampados atrevidos con mensajes entre l\u00edneas. Lo que importa es que lo lleves con convicci\u00f3n. Porque la elegancia no est\u00e1 en el qu\u00e9, sino en el c\u00f3mo. As\u00ed que la pr\u00f3xima vez que abras el armario y escojas una corbata, piensa: \u201c\u00bfQu\u00e9 busco transmitir hoy?\u201d 5\/5 - (1 voto)","og_url":"https:\/\/www.cencibel.es\/blog\/lo-que-tu-corbata-dice-de-ti-aunque-no-lo-sepas\/","og_site_name":"Cencibel","article_publisher":"https:\/\/www.facebook.com\/cencibel\/","article_published_time":"2025-06-26T08:02:48+00:00","article_modified_time":"2025-06-26T08:02:49+00:00","og_image":[{"width":1920,"height":1250,"url":"https:\/\/www.cencibel.es\/blog\/wp-content\/uploads\/2025\/06\/chaqueta3-e1750924364425.jpg","type":"image\/jpeg"}],"author":"Cencibel","twitter_card":"summary_large_image","twitter_creator":"@cencibelties","twitter_site":"@cencibelties","twitter_misc":{"Escrito por":"Cencibel","Tiempo de lectura":"5 minutos"},"schema":{"@context":"https:\/\/schema.org","@graph":[{"@type":"Article","@id":"https:\/\/www.cencibel.es\/blog\/lo-que-tu-corbata-dice-de-ti-aunque-no-lo-sepas\/#article","isPartOf":{"@id":"https:\/\/www.cencibel.es\/blog\/lo-que-tu-corbata-dice-de-ti-aunque-no-lo-sepas\/"},"author":{"name":"Cencibel","@id":"https:\/\/www.cencibel.es\/blog\/#\/schema\/person\/8b2fc92ea0a3467fd6c2e3c2f7d100a2"},"headline":"Lo que tu corbata dice de ti (aunque no lo sepas)","datePublished":"2025-06-26T08:02:48+00:00","dateModified":"2025-06-26T08:02:49+00:00","mainEntityOfPage":{"@id":"https:\/\/www.cencibel.es\/blog\/lo-que-tu-corbata-dice-de-ti-aunque-no-lo-sepas\/"},"wordCount":762,"commentCount":0,"publisher":{"@id":"https:\/\/www.cencibel.es\/blog\/#organization"},"image":{"@id":"https:\/\/www.cencibel.es\/blog\/lo-que-tu-corbata-dice-de-ti-aunque-no-lo-sepas\/#primaryimage"},"thumbnailUrl":"https:\/\/www.cencibel.es\/blog\/wp-content\/uploads\/2025\/06\/chaqueta3-e1750924364425.jpg","keywords":["Corbata boda","corbata para un evento","Corbatas"],"articleSection":["Estilo"],"inLanguage":"es","potentialAction":[{"@type":"CommentAction","name":"Comment","target":["https:\/\/www.cencibel.es\/blog\/lo-que-tu-corbata-dice-de-ti-aunque-no-lo-sepas\/#respond"]}]},{"@type":"WebPage","@id":"https:\/\/www.cencibel.es\/blog\/lo-que-tu-corbata-dice-de-ti-aunque-no-lo-sepas\/","url":"https:\/\/www.cencibel.es\/blog\/lo-que-tu-corbata-dice-de-ti-aunque-no-lo-sepas\/","name":"Lo que tu corbata dice de ti (aunque no lo sepas) - Cencibel","isPartOf":{"@id":"https:\/\/www.cencibel.es\/blog\/#website"},"primaryImageOfPage":{"@id":"https:\/\/www.cencibel.es\/blog\/lo-que-tu-corbata-dice-de-ti-aunque-no-lo-sepas\/#primaryimage"},"image":{"@id":"https:\/\/www.cencibel.es\/blog\/lo-que-tu-corbata-dice-de-ti-aunque-no-lo-sepas\/#primaryimage"},"thumbnailUrl":"https:\/\/www.cencibel.es\/blog\/wp-content\/uploads\/2025\/06\/chaqueta3-e1750924364425.jpg","datePublished":"2025-06-26T08:02:48+00:00","dateModified":"2025-06-26T08:02:49+00:00","breadcrumb":{"@id":"https:\/\/www.cencibel.es\/blog\/lo-que-tu-corbata-dice-de-ti-aunque-no-lo-sepas\/#breadcrumb"},"inLanguage":"es","potentialAction":[{"@type":"ReadAction","target":["https:\/\/www.cencibel.es\/blog\/lo-que-tu-corbata-dice-de-ti-aunque-no-lo-sepas\/"]}]},{"@type":"ImageObject","inLanguage":"es","@id":"https:\/\/www.cencibel.es\/blog\/lo-que-tu-corbata-dice-de-ti-aunque-no-lo-sepas\/#primaryimage","url":"https:\/\/www.cencibel.es\/blog\/wp-content\/uploads\/2025\/06\/chaqueta3-e1750924364425.jpg","contentUrl":"https:\/\/www.cencibel.es\/blog\/wp-content\/uploads\/2025\/06\/chaqueta3-e1750924364425.jpg","width":1920,"height":1250},{"@type":"BreadcrumbList","@id":"https:\/\/www.cencibel.es\/blog\/lo-que-tu-corbata-dice-de-ti-aunque-no-lo-sepas\/#breadcrumb","itemListElement":[{"@type":"ListItem","position":1,"name":"Portada","item":"https:\/\/www.cencibel.es\/blog\/"},{"@type":"ListItem","position":2,"name":"Lo que tu corbata dice de ti (aunque no lo sepas)"}]},{"@type":"WebSite","@id":"https:\/\/www.cencibel.es\/blog\/#website","url":"https:\/\/www.cencibel.es\/blog\/","name":"Cencibel","description":"Blog de moda masculina","publisher":{"@id":"https:\/\/www.cencibel.es\/blog\/#organization"},"potentialAction":[{"@type":"SearchAction","target":{"@type":"EntryPoint","urlTemplate":"https:\/\/www.cencibel.es\/blog\/?s={search_term_string}"},"query-input":{"@type":"PropertyValueSpecification","valueRequired":true,"valueName":"search_term_string"}}],"inLanguage":"es"},{"@type":"Organization","@id":"https:\/\/www.cencibel.es\/blog\/#organization","name":"CENCIBEL","url":"https:\/\/www.cencibel.es\/blog\/","logo":{"@type":"ImageObject","inLanguage":"es","@id":"https:\/\/www.cencibel.es\/blog\/#\/schema\/logo\/image\/","url":"https:\/\/www.cencibel.es\/blog\/wp-content\/uploads\/2020\/04\/logo-cencibel.png","contentUrl":"https:\/\/www.cencibel.es\/blog\/wp-content\/uploads\/2020\/04\/logo-cencibel.png","width":157,"height":129,"caption":"CENCIBEL"},"image":{"@id":"https:\/\/www.cencibel.es\/blog\/#\/schema\/logo\/image\/"},"sameAs":["https:\/\/www.facebook.com\/cencibel\/","https:\/\/x.com\/cencibelties"]},{"@type":"Person","@id":"https:\/\/www.cencibel.es\/blog\/#\/schema\/person\/8b2fc92ea0a3467fd6c2e3c2f7d100a2","name":"Cencibel","image":{"@type":"ImageObject","inLanguage":"es","@id":"https:\/\/www.cencibel.es\/blog\/#\/schema\/person\/image\/","url":"https:\/\/secure.gravatar.com\/avatar\/f18f4c495d7668060b70ea4d64213c64cb98fd0d06d267a1c1d8208bcb93f77b?s=96&d=mm&r=g","contentUrl":"https:\/\/secure.gravatar.com\/avatar\/f18f4c495d7668060b70ea4d64213c64cb98fd0d06d267a1c1d8208bcb93f77b?s=96&d=mm&r=g","caption":"Cencibel"},"sameAs":["https:\/\/www.cencibel.es"]}]}},"_links":{"self":[{"href":"https:\/\/www.cencibel.es\/blog\/wp-json\/wp\/v2\/posts\/1064","targetHints":{"allow":["GET"]}}],"collection":[{"href":"https:\/\/www.cencibel.es\/blog\/wp-json\/wp\/v2\/posts"}],"about":[{"href":"https:\/\/www.cencibel.es\/blog\/wp-json\/wp\/v2\/types\/post"}],"author":[{"embeddable":true,"href":"https:\/\/www.cencibel.es\/blog\/wp-json\/wp\/v2\/users\/2"}],"replies":[{"embeddable":true,"href":"https:\/\/www.cencibel.es\/blog\/wp-json\/wp\/v2\/comments?post=1064"}],"version-history":[{"count":3,"href":"https:\/\/www.cencibel.es\/blog\/wp-json\/wp\/v2\/posts\/1064\/revisions"}],"predecessor-version":[{"id":1072,"href":"https:\/\/www.cencibel.es\/blog\/wp-json\/wp\/v2\/posts\/1064\/revisions\/1072"}],"wp:featuredmedia":[{"embeddable":true,"href":"https:\/\/www.cencibel.es\/blog\/wp-json\/wp\/v2\/media\/1065"}],"wp:attachment":[{"href":"https:\/\/www.cencibel.es\/blog\/wp-json\/wp\/v2\/media?parent=1064"}],"wp:term":[{"taxonomy":"category","embeddable":true,"href":"https:\/\/www.cencibel.es\/blog\/wp-json\/wp\/v2\/categories?post=1064"},{"taxonomy":"post_tag","embeddable":true,"href":"https:\/\/www.cencibel.es\/blog\/wp-json\/wp\/v2\/tags?post=1064"}],"curies":[{"name":"wp","href":"https:\/\/api.w.org\/{rel}","templated":true}]}}