{"id":13,"date":"2018-05-10T11:19:00","date_gmt":"2018-05-10T11:19:00","guid":{"rendered":"http:\/\/www2.cencibel.es\/blog\/?p=13"},"modified":"2020-04-07T15:45:47","modified_gmt":"2020-04-07T15:45:47","slug":"corbata-en-tonos-grises-como-llevarla","status":"publish","type":"post","link":"https:\/\/www.cencibel.es\/blog\/corbata-en-tonos-grises-como-llevarla\/","title":{"rendered":"Corbata en tonos grises: \u00bfc\u00f3mo llevarla?"},"content":{"rendered":"\n<p>Por mucho que digan que la elegancia es una cuesti\u00f3n de actitud, no nos enga\u00f1emos\u2026 ya que si no sabemos&nbsp;<strong>combinar bien el traje con la corbata<\/strong>&nbsp;seremos un aut\u00e9ntico cuadro y la elegancia estar\u00e1 a a\u00f1os luz de nosotros.<\/p>\n\n\n\n<p>Una de las opciones que nunca falla para vestir con clase son: las&nbsp;<a href=\"https:\/\/www.cencibel.es\/corbata-gris-perla\"><strong>corbatas grises<\/strong>.<\/a>&nbsp;Se trata de un color muy recurrente que nos puede hacer brillar aunque nuestro traje sea b\u00e1sico. Pero antes de lanzarnos a comprar corbatas grises online, debemos aprender algunos consejos para saber combinar todo tipo de colores.<\/p>\n\n\n\n<h2 class=\"wp-block-heading\"><strong>\u00bfC\u00f3mo combinar la corbata con la camisa?<\/strong><\/h2>\n\n\n\n<p>En primer lugar escoge el traje, en segundo lugar la camisa, en tercer lugar la corbata y en cuarto lugar el pa\u00f1uelo de bolsillo.&nbsp;<strong>Este es el orden de selecci\u00f3n para que todas las prendas de tu traje vayan perfectamente combinadas.<\/strong><\/p>\n\n\n\n<p>Pero para que una corbata gris quede bien con el traje, se debe dar con un contraste de tonos perfecto. Para lograrlo, debemos evitar repetir los colores de la camisa en la corbata, de no ser as\u00ed nuestra camisa le restar\u00e1 protagonismo al complemento.<\/p>\n\n\n\n<p>No superpongas estampados, es decir, si lo que quieres llevar es una&nbsp;<a href=\"https:\/\/www.cencibel.es\/corbatas\/corbatas-cachemires\"><strong>corbata cachemir<\/strong><\/a>&nbsp;en tonos grises, elige una camisa lisa. Aunque en la camisa est\u00e9n prohibidos estampados, en los pa\u00f1uelos no lo est\u00e1n. As\u00ed que, si adem\u00e1s de llevar una corbata cachemir llevas adem\u00e1s un pa\u00f1uelo a juego tendr\u00e1s el \u00e9xito asegurado.<\/p>\n\n\n\n<p>Un truco infalible para acertar en la elecci\u00f3n de los colores de las prendas es seguir la regla: \u201cDe fuera hacia dentro\u201d. Esta regla se basa en que los colores predominantes de las prendas de tu traje debe ir de m\u00e1s claras a m\u00e1s oscuras, con lo que si nuestra corbata es gris no la podremos combinar con un traje blanco.<\/p>\n\n\n\n<p>Para escoger el tama\u00f1o de la corbata nos basaremos en el ancho de los picos de la camisa con la que la vamos a llevar. As\u00ed pues, debemos escoger una corbata con la que su nudo cubra la totalidad del espacio entre los picos de la camisa.<\/p>\n\n\n\n<p>Estos son algunos de los consejos que desde Cencibel te damos para que vayas hecho un pincel a todos los eventos, ahora tan solo falta que escojas la corbata perfecta para ti.<\/p>\n\n<div class=\"kk-star-ratings\n     kksr-valign-bottom     kksr-align-left    \"\n    data-payload=\"{&quot;align&quot;:&quot;left&quot;,&quot;id&quot;:&quot;13&quot;,&quot;slug&quot;:&quot;default&quot;,&quot;valign&quot;:&quot;bottom&quot;,&quot;reference&quot;:&quot;auto&quot;,&quot;count&quot;:&quot;0&quot;,&quot;readonly&quot;:&quot;&quot;,&quot;score&quot;:&quot;0&quot;,&quot;best&quot;:&quot;5&quot;,&quot;gap&quot;:&quot;4&quot;,&quot;greet&quot;:&quot;Rate this post&quot;,&quot;legend&quot;:&quot;0\\\/5 - (0 votos)&quot;,&quot;size&quot;:&quot;24&quot;,&quot;width&quot;:&quot;0&quot;,&quot;_legend&quot;:&quot;{score}\\\/{best} - ({count} {votes})&quot;}\">\n    \n<div class=\"kksr-stars\">\n    \n<div class=\"kksr-stars-inactive\">\n            <div class=\"kksr-star\" data-star=\"1\" style=\"padding-right: 4px\">\n            \n\n<div class=\"kksr-icon\" style=\"width: 24px; height: 24px;\"><\/div>\n        <\/div>\n            <div class=\"kksr-star\" data-star=\"2\" style=\"padding-right: 4px\">\n            \n\n<div class=\"kksr-icon\" style=\"width: 24px; height: 24px;\"><\/div>\n        <\/div>\n            <div class=\"kksr-star\" data-star=\"3\" style=\"padding-right: 4px\">\n            \n\n<div class=\"kksr-icon\" style=\"width: 24px; height: 24px;\"><\/div>\n        <\/div>\n            <div class=\"kksr-star\" data-star=\"4\" style=\"padding-right: 4px\">\n            \n\n<div class=\"kksr-icon\" style=\"width: 24px; height: 24px;\"><\/div>\n        <\/div>\n            <div class=\"kksr-star\" data-star=\"5\" style=\"padding-right: 4px\">\n            \n\n<div class=\"kksr-icon\" style=\"width: 24px; height: 24px;\"><\/div>\n        <\/div>\n    <\/div>\n    \n<div class=\"kksr-stars-active\" style=\"width: 0px;\">\n            <div class=\"kksr-star\" style=\"padding-right: 4px\">\n            \n\n<div class=\"kksr-icon\" style=\"width: 24px; height: 24px;\"><\/div>\n        <\/div>\n            <div class=\"kksr-star\" style=\"padding-right: 4px\">\n            \n\n<div class=\"kksr-icon\" style=\"width: 24px; height: 24px;\"><\/div>\n        <\/div>\n            <div class=\"kksr-star\" style=\"padding-right: 4px\">\n            \n\n<div class=\"kksr-icon\" style=\"width: 24px; height: 24px;\"><\/div>\n        <\/div>\n            <div class=\"kksr-star\" style=\"padding-right: 4px\">\n            \n\n<div class=\"kksr-icon\" style=\"width: 24px; height: 24px;\"><\/div>\n        <\/div>\n            <div class=\"kksr-star\" style=\"padding-right: 4px\">\n            \n\n<div class=\"kksr-icon\" style=\"width: 24px; height: 24px;\"><\/div>\n        <\/div>\n    <\/div>\n<\/div>\n    \n<div class=\"kksr-legend\">\n            <span class=\"kksr-muted\">Rate this post<\/span>\n    <\/div>\n<\/div>\n","protected":false},"excerpt":{"rendered":"<p>Por mucho que digan que la elegancia es una cuesti\u00f3n de actitud, no nos enga\u00f1emos\u2026 ya que si no sabemos combinar bien el traje con la corbata seremos un aut\u00e9ntico cuadro y la elegancia estar\u00e1 a a\u00f1os luz de nosotros.<\/p>\n","protected":false},"author":2,"featured_media":15,"comment_status":"open","ping_status":"open","sticky":false,"template":"","format":"standard","meta":{"_monsterinsights_skip_tracking":false,"_monsterinsights_sitenote_active":false,"_monsterinsights_sitenote_note":"","_monsterinsights_sitenote_category":0,"footnotes":""},"categories":[2],"tags":[],"class_list":["post-13","post","type-post","status-publish","format-standard","has-post-thumbnail","hentry","category-moda-masculina"],"yoast_head":"<!-- This site is optimized with the Yoast SEO plugin v25.3.1 - https:\/\/yoast.com\/wordpress\/plugins\/seo\/ -->\n<title>Corbata en tonos grises: \u00bfc\u00f3mo llevarla? - Cencibel<\/title>\n<meta name=\"robots\" content=\"index, follow, max-snippet:-1, max-image-preview:large, max-video-preview:-1\" \/>\n<link rel=\"canonical\" href=\"https:\/\/www.cencibel.es\/blog\/corbata-en-tonos-grises-como-llevarla\/\" \/>\n<meta property=\"og:locale\" content=\"es_ES\" \/>\n<meta property=\"og:type\" content=\"article\" \/>\n<meta property=\"og:title\" content=\"Corbata en tonos grises: \u00bfc\u00f3mo llevarla? - Cencibel\" \/>\n<meta property=\"og:description\" content=\"Por mucho que digan que la elegancia es una cuesti\u00f3n de actitud, no nos enga\u00f1emos\u2026 ya que si no sabemos combinar bien el traje con la corbata seremos un aut\u00e9ntico cuadro y la elegancia estar\u00e1 a a\u00f1os luz de nosotros.\" \/>\n<meta property=\"og:url\" content=\"https:\/\/www.cencibel.es\/blog\/corbata-en-tonos-grises-como-llevarla\/\" \/>\n<meta property=\"og:site_name\" content=\"Cencibel\" \/>\n<meta property=\"article:publisher\" content=\"https:\/\/www.facebook.com\/cencibel\/\" \/>\n<meta property=\"article:published_time\" content=\"2018-05-10T11:19:00+00:00\" \/>\n<meta property=\"article:modified_time\" content=\"2020-04-07T15:45:47+00:00\" \/>\n<meta property=\"og:image\" content=\"https:\/\/www.cencibel.es\/blog\/wp-content\/uploads\/2020\/04\/corbata-tonos-grises.jpg\" \/>\n\t<meta property=\"og:image:width\" content=\"1920\" \/>\n\t<meta property=\"og:image:height\" content=\"1080\" \/>\n\t<meta property=\"og:image:type\" content=\"image\/jpeg\" \/>\n<meta name=\"author\" content=\"Cencibel\" \/>\n<meta name=\"twitter:card\" content=\"summary_large_image\" \/>\n<meta name=\"twitter:creator\" content=\"@cencibelties\" \/>\n<meta name=\"twitter:site\" content=\"@cencibelties\" \/>\n<meta name=\"twitter:label1\" content=\"Escrito por\" \/>\n\t<meta name=\"twitter:data1\" content=\"Cencibel\" \/>\n\t<meta name=\"twitter:label2\" content=\"Tiempo de lectura\" \/>\n\t<meta name=\"twitter:data2\" content=\"2 minutos\" \/>\n<script type=\"application\/ld+json\" class=\"yoast-schema-graph\">{\"@context\":\"https:\/\/schema.org\",\"@graph\":[{\"@type\":\"Article\",\"@id\":\"https:\/\/www.cencibel.es\/blog\/corbata-en-tonos-grises-como-llevarla\/#article\",\"isPartOf\":{\"@id\":\"https:\/\/www.cencibel.es\/blog\/corbata-en-tonos-grises-como-llevarla\/\"},\"author\":{\"name\":\"Cencibel\",\"@id\":\"https:\/\/www.cencibel.es\/blog\/#\/schema\/person\/8b2fc92ea0a3467fd6c2e3c2f7d100a2\"},\"headline\":\"Corbata en tonos grises: \u00bfc\u00f3mo llevarla?\",\"datePublished\":\"2018-05-10T11:19:00+00:00\",\"dateModified\":\"2020-04-07T15:45:47+00:00\",\"mainEntityOfPage\":{\"@id\":\"https:\/\/www.cencibel.es\/blog\/corbata-en-tonos-grises-como-llevarla\/\"},\"wordCount\":410,\"commentCount\":0,\"publisher\":{\"@id\":\"https:\/\/www.cencibel.es\/blog\/#organization\"},\"image\":{\"@id\":\"https:\/\/www.cencibel.es\/blog\/corbata-en-tonos-grises-como-llevarla\/#primaryimage\"},\"thumbnailUrl\":\"https:\/\/www.cencibel.es\/blog\/wp-content\/uploads\/2020\/04\/corbata-tonos-grises.jpg\",\"articleSection\":[\"Estilo\"],\"inLanguage\":\"es\",\"potentialAction\":[{\"@type\":\"CommentAction\",\"name\":\"Comment\",\"target\":[\"https:\/\/www.cencibel.es\/blog\/corbata-en-tonos-grises-como-llevarla\/#respond\"]}]},{\"@type\":\"WebPage\",\"@id\":\"https:\/\/www.cencibel.es\/blog\/corbata-en-tonos-grises-como-llevarla\/\",\"url\":\"https:\/\/www.cencibel.es\/blog\/corbata-en-tonos-grises-como-llevarla\/\",\"name\":\"Corbata en tonos grises: \u00bfc\u00f3mo llevarla? - Cencibel\",\"isPartOf\":{\"@id\":\"https:\/\/www.cencibel.es\/blog\/#website\"},\"primaryImageOfPage\":{\"@id\":\"https:\/\/www.cencibel.es\/blog\/corbata-en-tonos-grises-como-llevarla\/#primaryimage\"},\"image\":{\"@id\":\"https:\/\/www.cencibel.es\/blog\/corbata-en-tonos-grises-como-llevarla\/#primaryimage\"},\"thumbnailUrl\":\"https:\/\/www.cencibel.es\/blog\/wp-content\/uploads\/2020\/04\/corbata-tonos-grises.jpg\",\"datePublished\":\"2018-05-10T11:19:00+00:00\",\"dateModified\":\"2020-04-07T15:45:47+00:00\",\"breadcrumb\":{\"@id\":\"https:\/\/www.cencibel.es\/blog\/corbata-en-tonos-grises-como-llevarla\/#breadcrumb\"},\"inLanguage\":\"es\",\"potentialAction\":[{\"@type\":\"ReadAction\",\"target\":[\"https:\/\/www.cencibel.es\/blog\/corbata-en-tonos-grises-como-llevarla\/\"]}]},{\"@type\":\"ImageObject\",\"inLanguage\":\"es\",\"@id\":\"https:\/\/www.cencibel.es\/blog\/corbata-en-tonos-grises-como-llevarla\/#primaryimage\",\"url\":\"https:\/\/www.cencibel.es\/blog\/wp-content\/uploads\/2020\/04\/corbata-tonos-grises.jpg\",\"contentUrl\":\"https:\/\/www.cencibel.es\/blog\/wp-content\/uploads\/2020\/04\/corbata-tonos-grises.jpg\",\"width\":1920,\"height\":1080},{\"@type\":\"BreadcrumbList\",\"@id\":\"https:\/\/www.cencibel.es\/blog\/corbata-en-tonos-grises-como-llevarla\/#breadcrumb\",\"itemListElement\":[{\"@type\":\"ListItem\",\"position\":1,\"name\":\"Portada\",\"item\":\"https:\/\/www.cencibel.es\/blog\/\"},{\"@type\":\"ListItem\",\"position\":2,\"name\":\"Corbata en tonos grises: \u00bfc\u00f3mo llevarla?\"}]},{\"@type\":\"WebSite\",\"@id\":\"https:\/\/www.cencibel.es\/blog\/#website\",\"url\":\"https:\/\/www.cencibel.es\/blog\/\",\"name\":\"Cencibel\",\"description\":\"Blog de moda masculina\",\"publisher\":{\"@id\":\"https:\/\/www.cencibel.es\/blog\/#organization\"},\"potentialAction\":[{\"@type\":\"SearchAction\",\"target\":{\"@type\":\"EntryPoint\",\"urlTemplate\":\"https:\/\/www.cencibel.es\/blog\/?s={search_term_string}\"},\"query-input\":{\"@type\":\"PropertyValueSpecification\",\"valueRequired\":true,\"valueName\":\"search_term_string\"}}],\"inLanguage\":\"es\"},{\"@type\":\"Organization\",\"@id\":\"https:\/\/www.cencibel.es\/blog\/#organization\",\"name\":\"CENCIBEL\",\"url\":\"https:\/\/www.cencibel.es\/blog\/\",\"logo\":{\"@type\":\"ImageObject\",\"inLanguage\":\"es\",\"@id\":\"https:\/\/www.cencibel.es\/blog\/#\/schema\/logo\/image\/\",\"url\":\"https:\/\/www.cencibel.es\/blog\/wp-content\/uploads\/2020\/04\/logo-cencibel.png\",\"contentUrl\":\"https:\/\/www.cencibel.es\/blog\/wp-content\/uploads\/2020\/04\/logo-cencibel.png\",\"width\":157,\"height\":129,\"caption\":\"CENCIBEL\"},\"image\":{\"@id\":\"https:\/\/www.cencibel.es\/blog\/#\/schema\/logo\/image\/\"},\"sameAs\":[\"https:\/\/www.facebook.com\/cencibel\/\",\"https:\/\/x.com\/cencibelties\"]},{\"@type\":\"Person\",\"@id\":\"https:\/\/www.cencibel.es\/blog\/#\/schema\/person\/8b2fc92ea0a3467fd6c2e3c2f7d100a2\",\"name\":\"Cencibel\",\"image\":{\"@type\":\"ImageObject\",\"inLanguage\":\"es\",\"@id\":\"https:\/\/www.cencibel.es\/blog\/#\/schema\/person\/image\/\",\"url\":\"https:\/\/secure.gravatar.com\/avatar\/f18f4c495d7668060b70ea4d64213c64cb98fd0d06d267a1c1d8208bcb93f77b?s=96&d=mm&r=g\",\"contentUrl\":\"https:\/\/secure.gravatar.com\/avatar\/f18f4c495d7668060b70ea4d64213c64cb98fd0d06d267a1c1d8208bcb93f77b?s=96&d=mm&r=g\",\"caption\":\"Cencibel\"},\"sameAs\":[\"https:\/\/www.cencibel.es\"]}]}<\/script>\n<!-- \/ Yoast SEO plugin. -->","yoast_head_json":{"title":"Corbata en tonos grises: \u00bfc\u00f3mo llevarla? - Cencibel","robots":{"index":"index","follow":"follow","max-snippet":"max-snippet:-1","max-image-preview":"max-image-preview:large","max-video-preview":"max-video-preview:-1"},"canonical":"https:\/\/www.cencibel.es\/blog\/corbata-en-tonos-grises-como-llevarla\/","og_locale":"es_ES","og_type":"article","og_title":"Corbata en tonos grises: \u00bfc\u00f3mo llevarla? - Cencibel","og_description":"Por mucho que digan que la elegancia es una cuesti\u00f3n de actitud, no nos enga\u00f1emos\u2026 ya que si no sabemos combinar bien el traje con la corbata seremos un aut\u00e9ntico cuadro y la elegancia estar\u00e1 a a\u00f1os luz de nosotros.","og_url":"https:\/\/www.cencibel.es\/blog\/corbata-en-tonos-grises-como-llevarla\/","og_site_name":"Cencibel","article_publisher":"https:\/\/www.facebook.com\/cencibel\/","article_published_time":"2018-05-10T11:19:00+00:00","article_modified_time":"2020-04-07T15:45:47+00:00","og_image":[{"width":1920,"height":1080,"url":"https:\/\/www.cencibel.es\/blog\/wp-content\/uploads\/2020\/04\/corbata-tonos-grises.jpg","type":"image\/jpeg"}],"author":"Cencibel","twitter_card":"summary_large_image","twitter_creator":"@cencibelties","twitter_site":"@cencibelties","twitter_misc":{"Escrito por":"Cencibel","Tiempo de lectura":"2 minutos"},"schema":{"@context":"https:\/\/schema.org","@graph":[{"@type":"Article","@id":"https:\/\/www.cencibel.es\/blog\/corbata-en-tonos-grises-como-llevarla\/#article","isPartOf":{"@id":"https:\/\/www.cencibel.es\/blog\/corbata-en-tonos-grises-como-llevarla\/"},"author":{"name":"Cencibel","@id":"https:\/\/www.cencibel.es\/blog\/#\/schema\/person\/8b2fc92ea0a3467fd6c2e3c2f7d100a2"},"headline":"Corbata en tonos grises: \u00bfc\u00f3mo llevarla?","datePublished":"2018-05-10T11:19:00+00:00","dateModified":"2020-04-07T15:45:47+00:00","mainEntityOfPage":{"@id":"https:\/\/www.cencibel.es\/blog\/corbata-en-tonos-grises-como-llevarla\/"},"wordCount":410,"commentCount":0,"publisher":{"@id":"https:\/\/www.cencibel.es\/blog\/#organization"},"image":{"@id":"https:\/\/www.cencibel.es\/blog\/corbata-en-tonos-grises-como-llevarla\/#primaryimage"},"thumbnailUrl":"https:\/\/www.cencibel.es\/blog\/wp-content\/uploads\/2020\/04\/corbata-tonos-grises.jpg","articleSection":["Estilo"],"inLanguage":"es","potentialAction":[{"@type":"CommentAction","name":"Comment","target":["https:\/\/www.cencibel.es\/blog\/corbata-en-tonos-grises-como-llevarla\/#respond"]}]},{"@type":"WebPage","@id":"https:\/\/www.cencibel.es\/blog\/corbata-en-tonos-grises-como-llevarla\/","url":"https:\/\/www.cencibel.es\/blog\/corbata-en-tonos-grises-como-llevarla\/","name":"Corbata en tonos grises: \u00bfc\u00f3mo llevarla? - Cencibel","isPartOf":{"@id":"https:\/\/www.cencibel.es\/blog\/#website"},"primaryImageOfPage":{"@id":"https:\/\/www.cencibel.es\/blog\/corbata-en-tonos-grises-como-llevarla\/#primaryimage"},"image":{"@id":"https:\/\/www.cencibel.es\/blog\/corbata-en-tonos-grises-como-llevarla\/#primaryimage"},"thumbnailUrl":"https:\/\/www.cencibel.es\/blog\/wp-content\/uploads\/2020\/04\/corbata-tonos-grises.jpg","datePublished":"2018-05-10T11:19:00+00:00","dateModified":"2020-04-07T15:45:47+00:00","breadcrumb":{"@id":"https:\/\/www.cencibel.es\/blog\/corbata-en-tonos-grises-como-llevarla\/#breadcrumb"},"inLanguage":"es","potentialAction":[{"@type":"ReadAction","target":["https:\/\/www.cencibel.es\/blog\/corbata-en-tonos-grises-como-llevarla\/"]}]},{"@type":"ImageObject","inLanguage":"es","@id":"https:\/\/www.cencibel.es\/blog\/corbata-en-tonos-grises-como-llevarla\/#primaryimage","url":"https:\/\/www.cencibel.es\/blog\/wp-content\/uploads\/2020\/04\/corbata-tonos-grises.jpg","contentUrl":"https:\/\/www.cencibel.es\/blog\/wp-content\/uploads\/2020\/04\/corbata-tonos-grises.jpg","width":1920,"height":1080},{"@type":"BreadcrumbList","@id":"https:\/\/www.cencibel.es\/blog\/corbata-en-tonos-grises-como-llevarla\/#breadcrumb","itemListElement":[{"@type":"ListItem","position":1,"name":"Portada","item":"https:\/\/www.cencibel.es\/blog\/"},{"@type":"ListItem","position":2,"name":"Corbata en tonos grises: \u00bfc\u00f3mo llevarla?"}]},{"@type":"WebSite","@id":"https:\/\/www.cencibel.es\/blog\/#website","url":"https:\/\/www.cencibel.es\/blog\/","name":"Cencibel","description":"Blog de moda masculina","publisher":{"@id":"https:\/\/www.cencibel.es\/blog\/#organization"},"potentialAction":[{"@type":"SearchAction","target":{"@type":"EntryPoint","urlTemplate":"https:\/\/www.cencibel.es\/blog\/?s={search_term_string}"},"query-input":{"@type":"PropertyValueSpecification","valueRequired":true,"valueName":"search_term_string"}}],"inLanguage":"es"},{"@type":"Organization","@id":"https:\/\/www.cencibel.es\/blog\/#organization","name":"CENCIBEL","url":"https:\/\/www.cencibel.es\/blog\/","logo":{"@type":"ImageObject","inLanguage":"es","@id":"https:\/\/www.cencibel.es\/blog\/#\/schema\/logo\/image\/","url":"https:\/\/www.cencibel.es\/blog\/wp-content\/uploads\/2020\/04\/logo-cencibel.png","contentUrl":"https:\/\/www.cencibel.es\/blog\/wp-content\/uploads\/2020\/04\/logo-cencibel.png","width":157,"height":129,"caption":"CENCIBEL"},"image":{"@id":"https:\/\/www.cencibel.es\/blog\/#\/schema\/logo\/image\/"},"sameAs":["https:\/\/www.facebook.com\/cencibel\/","https:\/\/x.com\/cencibelties"]},{"@type":"Person","@id":"https:\/\/www.cencibel.es\/blog\/#\/schema\/person\/8b2fc92ea0a3467fd6c2e3c2f7d100a2","name":"Cencibel","image":{"@type":"ImageObject","inLanguage":"es","@id":"https:\/\/www.cencibel.es\/blog\/#\/schema\/person\/image\/","url":"https:\/\/secure.gravatar.com\/avatar\/f18f4c495d7668060b70ea4d64213c64cb98fd0d06d267a1c1d8208bcb93f77b?s=96&d=mm&r=g","contentUrl":"https:\/\/secure.gravatar.com\/avatar\/f18f4c495d7668060b70ea4d64213c64cb98fd0d06d267a1c1d8208bcb93f77b?s=96&d=mm&r=g","caption":"Cencibel"},"sameAs":["https:\/\/www.cencibel.es"]}]}},"_links":{"self":[{"href":"https:\/\/www.cencibel.es\/blog\/wp-json\/wp\/v2\/posts\/13","targetHints":{"allow":["GET"]}}],"collection":[{"href":"https:\/\/www.cencibel.es\/blog\/wp-json\/wp\/v2\/posts"}],"about":[{"href":"https:\/\/www.cencibel.es\/blog\/wp-json\/wp\/v2\/types\/post"}],"author":[{"embeddable":true,"href":"https:\/\/www.cencibel.es\/blog\/wp-json\/wp\/v2\/users\/2"}],"replies":[{"embeddable":true,"href":"https:\/\/www.cencibel.es\/blog\/wp-json\/wp\/v2\/comments?post=13"}],"version-history":[{"count":1,"href":"https:\/\/www.cencibel.es\/blog\/wp-json\/wp\/v2\/posts\/13\/revisions"}],"predecessor-version":[{"id":16,"href":"https:\/\/www.cencibel.es\/blog\/wp-json\/wp\/v2\/posts\/13\/revisions\/16"}],"wp:featuredmedia":[{"embeddable":true,"href":"https:\/\/www.cencibel.es\/blog\/wp-json\/wp\/v2\/media\/15"}],"wp:attachment":[{"href":"https:\/\/www.cencibel.es\/blog\/wp-json\/wp\/v2\/media?parent=13"}],"wp:term":[{"taxonomy":"category","embeddable":true,"href":"https:\/\/www.cencibel.es\/blog\/wp-json\/wp\/v2\/categories?post=13"},{"taxonomy":"post_tag","embeddable":true,"href":"https:\/\/www.cencibel.es\/blog\/wp-json\/wp\/v2\/tags?post=13"}],"curies":[{"name":"wp","href":"https:\/\/api.w.org\/{rel}","templated":true}]}}