{"id":143,"date":"2019-04-26T11:14:00","date_gmt":"2019-04-26T09:14:00","guid":{"rendered":"http:\/\/www2.cencibel.es\/blog\/?p=143"},"modified":"2020-04-10T02:00:57","modified_gmt":"2020-04-10T00:00:57","slug":"como-llevar-tirantes-en-primavera","status":"publish","type":"post","link":"https:\/\/www.cencibel.es\/blog\/como-llevar-tirantes-en-primavera\/","title":{"rendered":"\u00bfC\u00f3mo llevar tirantes en primavera?"},"content":{"rendered":"\n<p>Con la primavera apetece lucir looks m\u00e1s frescos, m\u00e1s arriesgados, ya que los colores de esta estaci\u00f3n suelen ser m\u00e1s vivos que en invierno u oto\u00f1o. Uno de los complementos m\u00e1s utilizados en esta \u00e9poca del a\u00f1o, son los tirantes para hombre, un complemento que nunca pasa de moda.<\/p>\n\n\n\n<p>Estos se pueden conjuntar con muchos estilos diferentes, pudiendo llevarlos en diversas ocasiones de diferente \u00edndole. Adem\u00e1s, los tirantes tienen una parte est\u00e9tica y otra funcional que los hace un accesorio muy \u00fatil.<\/p>\n\n\n\n<p>Por un lado, sujetan los pantalones y los mantienen en su lugar, igual que un cintur\u00f3n, pero con la diferencia de que este estar\u00e1 visible por debajo de las prendas que forman el conjunto.<\/p>\n\n\n\n<p>Por otro lado, hacen que visualmente la figura del hombre se vea m\u00e1s alargada, exaltan la elegancia masculina y aportan un toque especial al look, ya sea formal, informal, smart casual, etiqueta,etc.<\/p>\n\n\n\n<p>A continuaci\u00f3n, vamos a explicar c\u00f3mo colocar tirantes y c\u00f3mo combinar los tirantes para hombre con cualquier tipo de look, ya que aunque parezca tarea f\u00e1cil llevar tirantes, a veces resulta m\u00e1s complicado de lo que parece.<\/p>\n\n\n\n<h2 class=\"wp-block-heading\"><strong>\u00bfC\u00f3mo poner unos tirantes?<\/strong><\/h2>\n\n\n\n<p>Si la respuesta es no, no te preocupes, existen muchos tipo de tirantes y no todo el mundo sabe c\u00f3mo llevar tirantes. Por ello, te vamos dar unos consejos para que aprendas a ponerte unos tirantes en cualquier circunstancia:<\/p>\n\n\n\n<p>En primer lugar, a la hora de comprar&nbsp;<a href=\"https:\/\/www.cencibel.es\/tirantes\"><strong>tirantes para hombre<\/strong><\/a>, adquirir unos que se adapten perfectamente a tu cuerpo.<br><br>Los tirantes est\u00e1n ligados a la altura, de manera que unos tirantes de 110 cm les ir\u00e1n bien a los hombres que midan entre 1,52 a 1,75 cm de altura, aunque en la actualidad muchos tienen regulador.<br><br>En el mismo sentido, el ancho de los tirantes suele variar entre 3 a 4 cm, esta elecci\u00f3n es puramente est\u00e9tica y funcional, ya que mientras los menos anchos son m\u00e1s modernos y lo m\u00e1s anchos ofrecen m\u00e1s sujeci\u00f3n.<\/p>\n\n\n\n<h2 class=\"wp-block-heading\"><strong>Formas de los tirantes para hombre<\/strong><\/h2>\n\n\n\n<p><strong>&#8211;<\/strong>&nbsp;El tirante en forma X, es para los que quieran m\u00e1s sujeci\u00f3n y firmeza en sus tirantes, ya que tanto la disposici\u00f3n como la forma de abrocharlos, con pinzas, aportan ese tipo de ventaja.<br><br><strong>&#8211;<\/strong>&nbsp;El tirante en forma Y est\u00e1 m\u00e1s relacionado a un estilo m\u00e1s formal, ya que la forma de \u201cY\u201d es m\u00e1s s\u00fatil y suele encajar bien con los trajes chaqueta y camisas.<br><br>&#8211;&nbsp; Los tirantes con sujeci\u00f3n en forma de pinzas, se suelen usar sobre todo para evitar los cinturones. Tambi\u00e9n son los m\u00e1s vers\u00e1tiles y modernos, ya que se pueden utilizar con cualquier tipo de pantal\u00f3n, aunque su uso suele ser para looks informales.<\/p>\n\n\n\n<h2 class=\"wp-block-heading\"><strong>\u00bfC\u00f3mo colocar unos tirantes de hombre?<\/strong><\/h2>\n\n\n\n<p>1. Abrocha los tirantes a la parte trasera del pantal\u00f3n con la sujecci\u00f3n que tenga.<br>2. Coloca los tirantes sobre los hombros de forma que est\u00e9n rectos, planos, c\u00f3modos y centrados en la espalda.<br>3. Abrocha los tirantes a la cintura de la parte delantera, de forma que los tirantes caigan en dos l\u00edneas rectas y verticales. Si tienes lo tirantes demasiado poco sujetos, se resbalaran en tus hombros, debes ajustar las tiras hasta que creas que est\u00e9ticamente est\u00e1n bien y te sea c\u00f3modo llevarlos.<br><br>La ventaja m\u00e1s funcional de los tirantes es que son muy f\u00e1ciles de ajustar a cualquier tipo de cuerpo, ya que todos tienen un clip de metal en la parte delantera que ayuda a deslizar los tirantes hasta el punto en que te sientas c\u00f3modo.<\/p>\n\n\n\n<h2 class=\"wp-block-heading\"><strong>\u00bfC\u00f3mo combinar tirantes para hombre?<\/strong><\/h2>\n\n\n\n<p>Sabemos que hoy en d\u00eda existen una gran variedad de tipo de tirantes, diferentes modelos, colores, texturas, tama\u00f1os y estampados. Por ello, entendemos que no sea una tarea f\u00e1cil saber c\u00f3mo combinar cualquier tirante con cualquier tipo de look.<\/p>\n\n\n\n<p>Las tendencias en tirantes para hombre este a\u00f1o son: los tirantes cuero, los tirantes a rayas, rombos o cuadros, los tirantes lisos o los tirantes con estampados.<\/p>\n\n\n\n<p>Aunque hay tirantes m\u00e1s sofisticados como los tirantes cachemir, que se suelen utilizar para eventos formales, mientras que todos los dem\u00e1s pueden utilizarse para looks informales o formales.<\/p>\n\n\n\n<h2 class=\"wp-block-heading\"><strong>Consejos para combinar los tirantes para hombre<\/strong><\/h2>\n\n\n\n<p><strong>\u00b7<\/strong>&nbsp;Un truco sencillo es combinar los tirantes con el color de los zapatos, escogiendo colores b\u00e1sicos como azul marino, gris o negro.<br><strong>\u00b7<\/strong>&nbsp;No uses tirantes que sean del mismo color que tu camisa, porque no se notar\u00e1n.<br><strong>\u00b7<\/strong>&nbsp;No uses tirantes con ropa deportiva.<br><strong>\u00b7<\/strong>&nbsp;Para eventos formales, combina tu traje azul marino o gris con uno tirantes del mismo color.<br><strong>\u00b7<\/strong>&nbsp;Tambi\u00e9n puedes combinarlos con pajaritas o corbatas, intenta que ambos sean del mismo color o de colores que tengan armon\u00eda entre s\u00ed.<\/p>\n\n\n\n<p>Si a\u00fan tienes dificultades para saber c\u00f3mo combinar los tirantes, te dejamos algunas sugerencias de looks para facilitarte la tarea.<\/p>\n\n\n\n<h2 class=\"wp-block-heading\"><strong>Looks con tirantes<\/strong><\/h2>\n\n\n\n<h3 class=\"wp-block-heading\"><strong>Looks elegantes o smart casual<\/strong><\/h3>\n\n\n\n<p><strong>\u00b7<\/strong>&nbsp;Camisa lisa de color b\u00e1sico (azul claro) +<strong><a href=\"https:\/\/www.cencibel.es\/blog\/corbatas-estrechas-2019-tendencias\">&nbsp;corbata de algod\u00f3n<\/a>&nbsp;<\/strong>(azul oscuro, gris) + pantalones de pinza (azul oscuro o negro) + tirantes de color oscuro (azul oscuro o negro) sin estampado que haga contraste con la camisa.<\/p>\n\n\n\n<p><strong>\u00b7<\/strong>&nbsp;Camisa lisa cl\u00e1sica (blanco) + pantal\u00f3n de vestir (gris) + corbata y tirantes con color en armon\u00eda con la camisa (verdes) + zapatos negros elegantes<br>Camisa manga larga color lila claro + corbata lila oscuro + pantal\u00f3n de vestir negro + tirantes negros + mocasines.<\/p>\n\n\n\n<p><strong>\u00b7<\/strong>&nbsp;Camisa marr\u00f3n oscuro + corbata beige + pantal\u00f3n de vestir beige + tirantes de color beige + mocasines de color marr\u00f3n oscuro.<\/p>\n\n\n\n<p><strong>\u00b7<\/strong>&nbsp;Camisa azul marino a rayas + corbata color azul claro + pantal\u00f3n azul oscuro + tirantes azul claro + zapatos vestir de color azul marino o negro.<\/p>\n\n\n\n<h3 class=\"wp-block-heading\"><strong>Looks casual<\/strong><\/h3>\n\n\n\n<p><strong>\u00b7<\/strong>&nbsp;Camisa\/camiseta de color claro de manga corta + pantal\u00f3n oscuro + tirantes de color oscuro + zapatos de cuero color oscuro.<br><strong>\u00b7<\/strong>&nbsp;Camisa\/camiseta blanca + jeans + tirantes de color m\u00e1s oscuro que la camisa (ej. azules) + zapatillas blancas .<br><strong>\u00b7<\/strong>&nbsp;Camisa negra + pantal\u00f3n de pinza negro + tirantes de color con contraste (beige, blanco, gris) + mocasines o zapatillas<\/p>\n\n\n\n<p><strong>\u00b7<\/strong>&nbsp;Camiseta color verde oscura + pantal\u00f3n jogger negro `+ gorra de color rojo + tirantes de color rojo + zapatillas<\/p>\n\n\n\n<p><strong>\u00b7<\/strong>&nbsp;Camisa manga \u00be color b\u00e1sico + bermudas color beige + tirantes color negro + zapatillas o mallorquinas<\/p>\n\n\n\n<p>Adem\u00e1s, existen m\u00faltiples complementos que puedes a\u00f1adir a tu look, tales como gorras y sombreros, chaquetas que combinan con los tirantes o la corbata, pajaritas y pa\u00f1uelos combinables con el traje o con los tirantes y un sinf\u00edn de accesorios que podr\u00e1s ir a\u00f1adiendo y probando hasta que crees tu propio estilo.<\/p>\n\n\n\n<p>En nuestra tienda online podr\u00e1s completar tu look con los complementos acordes a tus gustos y necesidades, ya que disponemos de corbatas estampadas, corbatas sencillas, corbatas cachemir, pa\u00f1uelos lisos, pa\u00f1uelos originales, fulares, pulseras y todo tipo de tirantes para hombre, d\u00f3nde podr\u00e1s escoger el que m\u00e1s se adecue a tu look.<\/p>\n\n\n\n<p>No dudes en dar un paso adelante y a\u00f1adir los tirantes para hombre en tu look diario, si necesitas asesoramiento no dudes en ponerte en contacto con nosotros.<\/p>\n\n<div class=\"kk-star-ratings\n     kksr-valign-bottom     kksr-align-left    \"\n    data-payload=\"{&quot;align&quot;:&quot;left&quot;,&quot;id&quot;:&quot;143&quot;,&quot;slug&quot;:&quot;default&quot;,&quot;valign&quot;:&quot;bottom&quot;,&quot;reference&quot;:&quot;auto&quot;,&quot;count&quot;:&quot;2&quot;,&quot;readonly&quot;:&quot;&quot;,&quot;score&quot;:&quot;1&quot;,&quot;best&quot;:&quot;5&quot;,&quot;gap&quot;:&quot;4&quot;,&quot;greet&quot;:&quot;Rate this post&quot;,&quot;legend&quot;:&quot;1\\\/5 - (2 votos)&quot;,&quot;size&quot;:&quot;24&quot;,&quot;width&quot;:&quot;26&quot;,&quot;_legend&quot;:&quot;{score}\\\/{best} - ({count} {votes})&quot;}\">\n    \n<div class=\"kksr-stars\">\n    \n<div class=\"kksr-stars-inactive\">\n            <div class=\"kksr-star\" data-star=\"1\" style=\"padding-right: 4px\">\n            \n\n<div class=\"kksr-icon\" style=\"width: 24px; height: 24px;\"><\/div>\n        <\/div>\n            <div class=\"kksr-star\" data-star=\"2\" style=\"padding-right: 4px\">\n            \n\n<div class=\"kksr-icon\" style=\"width: 24px; height: 24px;\"><\/div>\n        <\/div>\n            <div class=\"kksr-star\" data-star=\"3\" style=\"padding-right: 4px\">\n            \n\n<div class=\"kksr-icon\" style=\"width: 24px; height: 24px;\"><\/div>\n        <\/div>\n            <div class=\"kksr-star\" data-star=\"4\" style=\"padding-right: 4px\">\n            \n\n<div class=\"kksr-icon\" style=\"width: 24px; height: 24px;\"><\/div>\n        <\/div>\n            <div class=\"kksr-star\" data-star=\"5\" style=\"padding-right: 4px\">\n            \n\n<div class=\"kksr-icon\" style=\"width: 24px; height: 24px;\"><\/div>\n        <\/div>\n    <\/div>\n    \n<div class=\"kksr-stars-active\" style=\"width: 26px;\">\n            <div class=\"kksr-star\" style=\"padding-right: 4px\">\n            \n\n<div class=\"kksr-icon\" style=\"width: 24px; height: 24px;\"><\/div>\n        <\/div>\n            <div class=\"kksr-star\" style=\"padding-right: 4px\">\n            \n\n<div class=\"kksr-icon\" style=\"width: 24px; height: 24px;\"><\/div>\n        <\/div>\n            <div class=\"kksr-star\" style=\"padding-right: 4px\">\n            \n\n<div class=\"kksr-icon\" style=\"width: 24px; height: 24px;\"><\/div>\n        <\/div>\n            <div class=\"kksr-star\" style=\"padding-right: 4px\">\n            \n\n<div class=\"kksr-icon\" style=\"width: 24px; height: 24px;\"><\/div>\n        <\/div>\n            <div class=\"kksr-star\" style=\"padding-right: 4px\">\n            \n\n<div class=\"kksr-icon\" style=\"width: 24px; height: 24px;\"><\/div>\n        <\/div>\n    <\/div>\n<\/div>\n    \n<div class=\"kksr-legend\">\n            1\/5 - (2 votos)    <\/div>\n<\/div>\n","protected":false},"excerpt":{"rendered":"<p>Con la primavera apetece lucir looks m\u00e1s frescos, m\u00e1s arriesgados, ya que los colores de esta estaci\u00f3n suelen ser m\u00e1s vivos que en invierno u oto\u00f1o. Uno de los complementos m\u00e1s utilizados en esta \u00e9poca del a\u00f1o, son los tirantes para hombre, un complemento que nunca pasa de moda.<\/p>\n","protected":false},"author":2,"featured_media":144,"comment_status":"open","ping_status":"open","sticky":false,"template":"","format":"standard","meta":{"_monsterinsights_skip_tracking":false,"_monsterinsights_sitenote_active":false,"_monsterinsights_sitenote_note":"","_monsterinsights_sitenote_category":0,"footnotes":""},"categories":[2],"tags":[],"class_list":["post-143","post","type-post","status-publish","format-standard","has-post-thumbnail","hentry","category-moda-masculina"],"yoast_head":"<!-- This site is optimized with the Yoast SEO plugin v25.3.1 - https:\/\/yoast.com\/wordpress\/plugins\/seo\/ -->\n<title>\u00bfC\u00f3mo llevar tirantes en primavera? - Cencibel<\/title>\n<meta name=\"robots\" content=\"index, follow, max-snippet:-1, max-image-preview:large, max-video-preview:-1\" \/>\n<link rel=\"canonical\" href=\"https:\/\/www.cencibel.es\/blog\/como-llevar-tirantes-en-primavera\/\" \/>\n<meta property=\"og:locale\" content=\"es_ES\" \/>\n<meta property=\"og:type\" content=\"article\" \/>\n<meta property=\"og:title\" content=\"\u00bfC\u00f3mo llevar tirantes en primavera? - Cencibel\" \/>\n<meta property=\"og:description\" content=\"Con la primavera apetece lucir looks m\u00e1s frescos, m\u00e1s arriesgados, ya que los colores de esta estaci\u00f3n suelen ser m\u00e1s vivos que en invierno u oto\u00f1o. Uno de los complementos m\u00e1s utilizados en esta \u00e9poca del a\u00f1o, son los tirantes para hombre, un complemento que nunca pasa de moda.\" \/>\n<meta property=\"og:url\" content=\"https:\/\/www.cencibel.es\/blog\/como-llevar-tirantes-en-primavera\/\" \/>\n<meta property=\"og:site_name\" content=\"Cencibel\" \/>\n<meta property=\"article:publisher\" content=\"https:\/\/www.facebook.com\/cencibel\/\" \/>\n<meta property=\"article:published_time\" content=\"2019-04-26T09:14:00+00:00\" \/>\n<meta property=\"article:modified_time\" content=\"2020-04-10T00:00:57+00:00\" \/>\n<meta property=\"og:image\" content=\"https:\/\/www.cencibel.es\/blog\/wp-content\/uploads\/2020\/04\/como-llevar-tirantes-en-primavera.jpg\" \/>\n\t<meta property=\"og:image:width\" content=\"1280\" \/>\n\t<meta property=\"og:image:height\" content=\"1080\" \/>\n\t<meta property=\"og:image:type\" content=\"image\/jpeg\" \/>\n<meta name=\"author\" content=\"Cencibel\" \/>\n<meta name=\"twitter:card\" content=\"summary_large_image\" \/>\n<meta name=\"twitter:creator\" content=\"@cencibelties\" \/>\n<meta name=\"twitter:site\" content=\"@cencibelties\" \/>\n<meta name=\"twitter:label1\" content=\"Escrito por\" \/>\n\t<meta name=\"twitter:data1\" content=\"Cencibel\" \/>\n\t<meta name=\"twitter:label2\" content=\"Tiempo de lectura\" \/>\n\t<meta name=\"twitter:data2\" content=\"6 minutos\" \/>\n<script type=\"application\/ld+json\" class=\"yoast-schema-graph\">{\"@context\":\"https:\/\/schema.org\",\"@graph\":[{\"@type\":\"Article\",\"@id\":\"https:\/\/www.cencibel.es\/blog\/como-llevar-tirantes-en-primavera\/#article\",\"isPartOf\":{\"@id\":\"https:\/\/www.cencibel.es\/blog\/como-llevar-tirantes-en-primavera\/\"},\"author\":{\"name\":\"Cencibel\",\"@id\":\"https:\/\/www.cencibel.es\/blog\/#\/schema\/person\/8b2fc92ea0a3467fd6c2e3c2f7d100a2\"},\"headline\":\"\u00bfC\u00f3mo llevar tirantes en primavera?\",\"datePublished\":\"2019-04-26T09:14:00+00:00\",\"dateModified\":\"2020-04-10T00:00:57+00:00\",\"mainEntityOfPage\":{\"@id\":\"https:\/\/www.cencibel.es\/blog\/como-llevar-tirantes-en-primavera\/\"},\"wordCount\":1232,\"commentCount\":0,\"publisher\":{\"@id\":\"https:\/\/www.cencibel.es\/blog\/#organization\"},\"image\":{\"@id\":\"https:\/\/www.cencibel.es\/blog\/como-llevar-tirantes-en-primavera\/#primaryimage\"},\"thumbnailUrl\":\"https:\/\/www.cencibel.es\/blog\/wp-content\/uploads\/2020\/04\/como-llevar-tirantes-en-primavera.jpg\",\"articleSection\":[\"Estilo\"],\"inLanguage\":\"es\",\"potentialAction\":[{\"@type\":\"CommentAction\",\"name\":\"Comment\",\"target\":[\"https:\/\/www.cencibel.es\/blog\/como-llevar-tirantes-en-primavera\/#respond\"]}]},{\"@type\":\"WebPage\",\"@id\":\"https:\/\/www.cencibel.es\/blog\/como-llevar-tirantes-en-primavera\/\",\"url\":\"https:\/\/www.cencibel.es\/blog\/como-llevar-tirantes-en-primavera\/\",\"name\":\"\u00bfC\u00f3mo llevar tirantes en primavera? - Cencibel\",\"isPartOf\":{\"@id\":\"https:\/\/www.cencibel.es\/blog\/#website\"},\"primaryImageOfPage\":{\"@id\":\"https:\/\/www.cencibel.es\/blog\/como-llevar-tirantes-en-primavera\/#primaryimage\"},\"image\":{\"@id\":\"https:\/\/www.cencibel.es\/blog\/como-llevar-tirantes-en-primavera\/#primaryimage\"},\"thumbnailUrl\":\"https:\/\/www.cencibel.es\/blog\/wp-content\/uploads\/2020\/04\/como-llevar-tirantes-en-primavera.jpg\",\"datePublished\":\"2019-04-26T09:14:00+00:00\",\"dateModified\":\"2020-04-10T00:00:57+00:00\",\"breadcrumb\":{\"@id\":\"https:\/\/www.cencibel.es\/blog\/como-llevar-tirantes-en-primavera\/#breadcrumb\"},\"inLanguage\":\"es\",\"potentialAction\":[{\"@type\":\"ReadAction\",\"target\":[\"https:\/\/www.cencibel.es\/blog\/como-llevar-tirantes-en-primavera\/\"]}]},{\"@type\":\"ImageObject\",\"inLanguage\":\"es\",\"@id\":\"https:\/\/www.cencibel.es\/blog\/como-llevar-tirantes-en-primavera\/#primaryimage\",\"url\":\"https:\/\/www.cencibel.es\/blog\/wp-content\/uploads\/2020\/04\/como-llevar-tirantes-en-primavera.jpg\",\"contentUrl\":\"https:\/\/www.cencibel.es\/blog\/wp-content\/uploads\/2020\/04\/como-llevar-tirantes-en-primavera.jpg\",\"width\":1280,\"height\":1080,\"caption\":\"\u00bfC\u00f3mo llevar tirantes en primavera?\"},{\"@type\":\"BreadcrumbList\",\"@id\":\"https:\/\/www.cencibel.es\/blog\/como-llevar-tirantes-en-primavera\/#breadcrumb\",\"itemListElement\":[{\"@type\":\"ListItem\",\"position\":1,\"name\":\"Portada\",\"item\":\"https:\/\/www.cencibel.es\/blog\/\"},{\"@type\":\"ListItem\",\"position\":2,\"name\":\"\u00bfC\u00f3mo llevar tirantes en primavera?\"}]},{\"@type\":\"WebSite\",\"@id\":\"https:\/\/www.cencibel.es\/blog\/#website\",\"url\":\"https:\/\/www.cencibel.es\/blog\/\",\"name\":\"Cencibel\",\"description\":\"Blog de moda masculina\",\"publisher\":{\"@id\":\"https:\/\/www.cencibel.es\/blog\/#organization\"},\"potentialAction\":[{\"@type\":\"SearchAction\",\"target\":{\"@type\":\"EntryPoint\",\"urlTemplate\":\"https:\/\/www.cencibel.es\/blog\/?s={search_term_string}\"},\"query-input\":{\"@type\":\"PropertyValueSpecification\",\"valueRequired\":true,\"valueName\":\"search_term_string\"}}],\"inLanguage\":\"es\"},{\"@type\":\"Organization\",\"@id\":\"https:\/\/www.cencibel.es\/blog\/#organization\",\"name\":\"CENCIBEL\",\"url\":\"https:\/\/www.cencibel.es\/blog\/\",\"logo\":{\"@type\":\"ImageObject\",\"inLanguage\":\"es\",\"@id\":\"https:\/\/www.cencibel.es\/blog\/#\/schema\/logo\/image\/\",\"url\":\"https:\/\/www.cencibel.es\/blog\/wp-content\/uploads\/2020\/04\/logo-cencibel.png\",\"contentUrl\":\"https:\/\/www.cencibel.es\/blog\/wp-content\/uploads\/2020\/04\/logo-cencibel.png\",\"width\":157,\"height\":129,\"caption\":\"CENCIBEL\"},\"image\":{\"@id\":\"https:\/\/www.cencibel.es\/blog\/#\/schema\/logo\/image\/\"},\"sameAs\":[\"https:\/\/www.facebook.com\/cencibel\/\",\"https:\/\/x.com\/cencibelties\"]},{\"@type\":\"Person\",\"@id\":\"https:\/\/www.cencibel.es\/blog\/#\/schema\/person\/8b2fc92ea0a3467fd6c2e3c2f7d100a2\",\"name\":\"Cencibel\",\"image\":{\"@type\":\"ImageObject\",\"inLanguage\":\"es\",\"@id\":\"https:\/\/www.cencibel.es\/blog\/#\/schema\/person\/image\/\",\"url\":\"https:\/\/secure.gravatar.com\/avatar\/f18f4c495d7668060b70ea4d64213c64cb98fd0d06d267a1c1d8208bcb93f77b?s=96&d=mm&r=g\",\"contentUrl\":\"https:\/\/secure.gravatar.com\/avatar\/f18f4c495d7668060b70ea4d64213c64cb98fd0d06d267a1c1d8208bcb93f77b?s=96&d=mm&r=g\",\"caption\":\"Cencibel\"},\"sameAs\":[\"https:\/\/www.cencibel.es\"]}]}<\/script>\n<!-- \/ Yoast SEO plugin. -->","yoast_head_json":{"title":"\u00bfC\u00f3mo llevar tirantes en primavera? - Cencibel","robots":{"index":"index","follow":"follow","max-snippet":"max-snippet:-1","max-image-preview":"max-image-preview:large","max-video-preview":"max-video-preview:-1"},"canonical":"https:\/\/www.cencibel.es\/blog\/como-llevar-tirantes-en-primavera\/","og_locale":"es_ES","og_type":"article","og_title":"\u00bfC\u00f3mo llevar tirantes en primavera? - Cencibel","og_description":"Con la primavera apetece lucir looks m\u00e1s frescos, m\u00e1s arriesgados, ya que los colores de esta estaci\u00f3n suelen ser m\u00e1s vivos que en invierno u oto\u00f1o. Uno de los complementos m\u00e1s utilizados en esta \u00e9poca del a\u00f1o, son los tirantes para hombre, un complemento que nunca pasa de moda.","og_url":"https:\/\/www.cencibel.es\/blog\/como-llevar-tirantes-en-primavera\/","og_site_name":"Cencibel","article_publisher":"https:\/\/www.facebook.com\/cencibel\/","article_published_time":"2019-04-26T09:14:00+00:00","article_modified_time":"2020-04-10T00:00:57+00:00","og_image":[{"width":1280,"height":1080,"url":"https:\/\/www.cencibel.es\/blog\/wp-content\/uploads\/2020\/04\/como-llevar-tirantes-en-primavera.jpg","type":"image\/jpeg"}],"author":"Cencibel","twitter_card":"summary_large_image","twitter_creator":"@cencibelties","twitter_site":"@cencibelties","twitter_misc":{"Escrito por":"Cencibel","Tiempo de lectura":"6 minutos"},"schema":{"@context":"https:\/\/schema.org","@graph":[{"@type":"Article","@id":"https:\/\/www.cencibel.es\/blog\/como-llevar-tirantes-en-primavera\/#article","isPartOf":{"@id":"https:\/\/www.cencibel.es\/blog\/como-llevar-tirantes-en-primavera\/"},"author":{"name":"Cencibel","@id":"https:\/\/www.cencibel.es\/blog\/#\/schema\/person\/8b2fc92ea0a3467fd6c2e3c2f7d100a2"},"headline":"\u00bfC\u00f3mo llevar tirantes en primavera?","datePublished":"2019-04-26T09:14:00+00:00","dateModified":"2020-04-10T00:00:57+00:00","mainEntityOfPage":{"@id":"https:\/\/www.cencibel.es\/blog\/como-llevar-tirantes-en-primavera\/"},"wordCount":1232,"commentCount":0,"publisher":{"@id":"https:\/\/www.cencibel.es\/blog\/#organization"},"image":{"@id":"https:\/\/www.cencibel.es\/blog\/como-llevar-tirantes-en-primavera\/#primaryimage"},"thumbnailUrl":"https:\/\/www.cencibel.es\/blog\/wp-content\/uploads\/2020\/04\/como-llevar-tirantes-en-primavera.jpg","articleSection":["Estilo"],"inLanguage":"es","potentialAction":[{"@type":"CommentAction","name":"Comment","target":["https:\/\/www.cencibel.es\/blog\/como-llevar-tirantes-en-primavera\/#respond"]}]},{"@type":"WebPage","@id":"https:\/\/www.cencibel.es\/blog\/como-llevar-tirantes-en-primavera\/","url":"https:\/\/www.cencibel.es\/blog\/como-llevar-tirantes-en-primavera\/","name":"\u00bfC\u00f3mo llevar tirantes en primavera? - Cencibel","isPartOf":{"@id":"https:\/\/www.cencibel.es\/blog\/#website"},"primaryImageOfPage":{"@id":"https:\/\/www.cencibel.es\/blog\/como-llevar-tirantes-en-primavera\/#primaryimage"},"image":{"@id":"https:\/\/www.cencibel.es\/blog\/como-llevar-tirantes-en-primavera\/#primaryimage"},"thumbnailUrl":"https:\/\/www.cencibel.es\/blog\/wp-content\/uploads\/2020\/04\/como-llevar-tirantes-en-primavera.jpg","datePublished":"2019-04-26T09:14:00+00:00","dateModified":"2020-04-10T00:00:57+00:00","breadcrumb":{"@id":"https:\/\/www.cencibel.es\/blog\/como-llevar-tirantes-en-primavera\/#breadcrumb"},"inLanguage":"es","potentialAction":[{"@type":"ReadAction","target":["https:\/\/www.cencibel.es\/blog\/como-llevar-tirantes-en-primavera\/"]}]},{"@type":"ImageObject","inLanguage":"es","@id":"https:\/\/www.cencibel.es\/blog\/como-llevar-tirantes-en-primavera\/#primaryimage","url":"https:\/\/www.cencibel.es\/blog\/wp-content\/uploads\/2020\/04\/como-llevar-tirantes-en-primavera.jpg","contentUrl":"https:\/\/www.cencibel.es\/blog\/wp-content\/uploads\/2020\/04\/como-llevar-tirantes-en-primavera.jpg","width":1280,"height":1080,"caption":"\u00bfC\u00f3mo llevar tirantes en primavera?"},{"@type":"BreadcrumbList","@id":"https:\/\/www.cencibel.es\/blog\/como-llevar-tirantes-en-primavera\/#breadcrumb","itemListElement":[{"@type":"ListItem","position":1,"name":"Portada","item":"https:\/\/www.cencibel.es\/blog\/"},{"@type":"ListItem","position":2,"name":"\u00bfC\u00f3mo llevar tirantes en primavera?"}]},{"@type":"WebSite","@id":"https:\/\/www.cencibel.es\/blog\/#website","url":"https:\/\/www.cencibel.es\/blog\/","name":"Cencibel","description":"Blog de moda masculina","publisher":{"@id":"https:\/\/www.cencibel.es\/blog\/#organization"},"potentialAction":[{"@type":"SearchAction","target":{"@type":"EntryPoint","urlTemplate":"https:\/\/www.cencibel.es\/blog\/?s={search_term_string}"},"query-input":{"@type":"PropertyValueSpecification","valueRequired":true,"valueName":"search_term_string"}}],"inLanguage":"es"},{"@type":"Organization","@id":"https:\/\/www.cencibel.es\/blog\/#organization","name":"CENCIBEL","url":"https:\/\/www.cencibel.es\/blog\/","logo":{"@type":"ImageObject","inLanguage":"es","@id":"https:\/\/www.cencibel.es\/blog\/#\/schema\/logo\/image\/","url":"https:\/\/www.cencibel.es\/blog\/wp-content\/uploads\/2020\/04\/logo-cencibel.png","contentUrl":"https:\/\/www.cencibel.es\/blog\/wp-content\/uploads\/2020\/04\/logo-cencibel.png","width":157,"height":129,"caption":"CENCIBEL"},"image":{"@id":"https:\/\/www.cencibel.es\/blog\/#\/schema\/logo\/image\/"},"sameAs":["https:\/\/www.facebook.com\/cencibel\/","https:\/\/x.com\/cencibelties"]},{"@type":"Person","@id":"https:\/\/www.cencibel.es\/blog\/#\/schema\/person\/8b2fc92ea0a3467fd6c2e3c2f7d100a2","name":"Cencibel","image":{"@type":"ImageObject","inLanguage":"es","@id":"https:\/\/www.cencibel.es\/blog\/#\/schema\/person\/image\/","url":"https:\/\/secure.gravatar.com\/avatar\/f18f4c495d7668060b70ea4d64213c64cb98fd0d06d267a1c1d8208bcb93f77b?s=96&d=mm&r=g","contentUrl":"https:\/\/secure.gravatar.com\/avatar\/f18f4c495d7668060b70ea4d64213c64cb98fd0d06d267a1c1d8208bcb93f77b?s=96&d=mm&r=g","caption":"Cencibel"},"sameAs":["https:\/\/www.cencibel.es"]}]}},"_links":{"self":[{"href":"https:\/\/www.cencibel.es\/blog\/wp-json\/wp\/v2\/posts\/143","targetHints":{"allow":["GET"]}}],"collection":[{"href":"https:\/\/www.cencibel.es\/blog\/wp-json\/wp\/v2\/posts"}],"about":[{"href":"https:\/\/www.cencibel.es\/blog\/wp-json\/wp\/v2\/types\/post"}],"author":[{"embeddable":true,"href":"https:\/\/www.cencibel.es\/blog\/wp-json\/wp\/v2\/users\/2"}],"replies":[{"embeddable":true,"href":"https:\/\/www.cencibel.es\/blog\/wp-json\/wp\/v2\/comments?post=143"}],"version-history":[{"count":1,"href":"https:\/\/www.cencibel.es\/blog\/wp-json\/wp\/v2\/posts\/143\/revisions"}],"predecessor-version":[{"id":145,"href":"https:\/\/www.cencibel.es\/blog\/wp-json\/wp\/v2\/posts\/143\/revisions\/145"}],"wp:featuredmedia":[{"embeddable":true,"href":"https:\/\/www.cencibel.es\/blog\/wp-json\/wp\/v2\/media\/144"}],"wp:attachment":[{"href":"https:\/\/www.cencibel.es\/blog\/wp-json\/wp\/v2\/media?parent=143"}],"wp:term":[{"taxonomy":"category","embeddable":true,"href":"https:\/\/www.cencibel.es\/blog\/wp-json\/wp\/v2\/categories?post=143"},{"taxonomy":"post_tag","embeddable":true,"href":"https:\/\/www.cencibel.es\/blog\/wp-json\/wp\/v2\/tags?post=143"}],"curies":[{"name":"wp","href":"https:\/\/api.w.org\/{rel}","templated":true}]}}