{"id":176,"date":"2019-07-12T14:31:00","date_gmt":"2019-07-12T12:31:00","guid":{"rendered":"http:\/\/www2.cencibel.es\/blog\/?p=176"},"modified":"2020-04-15T09:53:04","modified_gmt":"2020-04-15T07:53:04","slug":"chaquetas-de-lino-como-combinarlas","status":"publish","type":"post","link":"https:\/\/www.cencibel.es\/blog\/chaquetas-de-lino-como-combinarlas\/","title":{"rendered":"Chaquetas de lino, \u00bfc\u00f3mo combinarlas?"},"content":{"rendered":"\n<p>Con la llegada del verano las prendas de moda masculina experimentan cambios notables, siendo la americana la primera. La sustituta de \u00e9sta ser\u00e1 la chaqueta de lino, tambi\u00e9n conocida como desestructurada, se trata de una prenda que ya empieza a ser asidua en todos los armarios.<\/p>\n\n\n\n<!--more-->\n\n\n\n<p>En este art\u00edculo explicaremos por qu\u00e9 llevarla en \u00e9pocas de calor, cu\u00e1les son los mejores colores a elegir y c\u00f3mo combinarlos con nuestras corbatas y dem\u00e1s complementos para hombre.<\/p>\n\n\n\n<h2 class=\"wp-block-heading\"><strong>Ventajas de la chaqueta de lino en verano<\/strong><\/h2>\n\n\n\n<p>* Est\u00e1 confeccionada por fibras naturales, proviene concretamente de la planta de lino. Adem\u00e1s, es reciclable y biodegradable.<\/p>\n\n\n\n<p>* El lino es un tejido ligero y muy transpirable, lo que la convierte en un material ideal para soportar el calor.<\/p>\n\n\n\n<p>* Puede resultar curioso, pero es mucho m\u00e1s resistente que el algod\u00f3n. Por lo que se garantizar\u00e1 una mayor durabilidad.&nbsp;<\/p>\n\n\n\n<p>* Te hace conservar todav\u00eda cierta formalidad en el conjunto, pese a que todav\u00eda lidera el traje cl\u00e1sico en cuanto a formalidad. Podr\u00eda ser la opci\u00f3n ideal en eventos informales o para los viernes en la oficina.<\/p>\n\n\n\n<p>* Una de las principales preocupaciones son las arrugas que a la m\u00ednima se generan. No obstante, si el tejido de la chaqueta est\u00e1 compuesto por otros materiales a parte del lino, puede que no se arrugue con tanta facilidad&nbsp;<\/p>\n\n\n\n<h2 class=\"wp-block-heading\"><strong>\u00bfCu\u00e1les son los mejores colores para esta temporada?<\/strong><\/h2>\n\n\n\n<p>Es muy amplia la variedad de colores que tenemos a nuestra disposici\u00f3n. El verano es sin\u00f3nimo de alegr\u00eda, y muchos optan por vestir con colores vivos para darle ese toque veraniego y alegre a su conjunto, ser\u00eda una muy buena idea para darle la bienvenida al verano.<\/p>\n\n\n\n<p>No obstante, si lo que te preocupa m\u00e1s es el no pasar calor, lo m\u00e1s recomendable optar por colores claros, ya que ayudan a mantenerse fresco.<\/p>\n\n\n\n<p>Pero sin duda de que el color estrella de esta temporada es el beige, as\u00ed que si quieres estar fresco y estar al d\u00eda de las nuevas tendencias, es tu mejor elecci\u00f3n.<\/p>\n\n\n\n<h2 class=\"wp-block-heading\"><strong>\u00bfC\u00f3mo combinar mi chaqueta de lino?<\/strong><\/h2>\n\n\n\n<p>Como ya hemos mencionado con anterioridad, una chaqueta de lino puede ayudarte a conservar algo de formalidad a tu look, esto la convertir\u00e1 en una prenda mucho m\u00e1s combinable, ya sea con una corbata y unos chinos o una camiseta y un pantal\u00f3n vaquero.<\/p>\n\n\n\n<h2 class=\"wp-block-heading\"><strong>Completa tu look con estos complementos<\/strong><\/h2>\n\n\n\n<p>Como esta temporada est\u00e1 triunfando el beige, te proponemos estas corbatas de dicho color para que las combines con tu chaqueta de lino. Nuestra combinaci\u00f3n ideal ser\u00eda que tanto corbata como blazer sean beiges, yendo a juego con una camisa de alg\u00fan color vivo como el azul claro celeste.<\/p>\n\n\n\n<figure class=\"wp-block-image\"><img decoding=\"async\" src=\"https:\/\/www.cencibel.es\/media\/wysiwyg\/1.jpg\" alt=\"\"\/><\/figure>\n\n\n\n<p>Pero tambi\u00e9n la&nbsp;<a href=\"https:\/\/www.cencibel.es\/corbatas\"><strong>corbata coral<\/strong><\/a>, est\u00e1 entre nuestras propuestas preferidas, ya que combina muy bien con el beige cambiando el color de la camisa, por una no tan llamativa como la tradicional blanca.<\/p>\n\n\n\n<figure class=\"wp-block-image\"><img decoding=\"async\" src=\"https:\/\/www.cencibel.es\/media\/wysiwyg\/2.jpg\" alt=\"\"\/><\/figure>\n\n\n\n<p>Estas propuestas tambi\u00e9n ser\u00edan perfectamente aplicables con las pajaritas, ya que pese a la distinta forma est\u00e1n sujetas a las mismas normas de vestimenta.<\/p>\n\n\n\n<p>En cuanto a los cinturones, los colores preferidos en este temporada son los marrones claros. Aqu\u00ed te tenemos dos propuestas, la primera, hecha de piel reversible, para un evento m\u00e1s formal y el otro, un cintur\u00f3n el\u00e1stico beige, para uno m\u00e1s informal.<\/p>\n\n\n\n<figure class=\"wp-block-image\"><img decoding=\"async\" src=\"https:\/\/www.cencibel.es\/media\/wysiwyg\/3.jpg\" alt=\"\"\/><\/figure>\n\n\n\n<p>En Cencibel tienes a tu disposici\u00f3n una gran variedad de complementos, sobretodo para comprar corbatas online, todas ellas hechas de seda de calidad. Tanto en nuestro cat\u00e1logo online como en nuestro blog, podr\u00e1s ver muchas m\u00e1s opciones y&nbsp;<a href=\"https:\/\/www.cencibel.es\/blog\/que-corbatas-comprar-verano\"><strong>consejos para combinar tu chaqueta de lino a tu gusto.<\/strong><\/a><\/p>\n\n\n\n<p>\u00a1No esperes m\u00e1s y hazte con los mejores complementos del mercado!<\/p>\n\n<div class=\"kk-star-ratings\n     kksr-valign-bottom     kksr-align-left    \"\n    data-payload=\"{&quot;align&quot;:&quot;left&quot;,&quot;id&quot;:&quot;176&quot;,&quot;slug&quot;:&quot;default&quot;,&quot;valign&quot;:&quot;bottom&quot;,&quot;reference&quot;:&quot;auto&quot;,&quot;count&quot;:&quot;0&quot;,&quot;readonly&quot;:&quot;&quot;,&quot;score&quot;:&quot;0&quot;,&quot;best&quot;:&quot;5&quot;,&quot;gap&quot;:&quot;4&quot;,&quot;greet&quot;:&quot;Rate this post&quot;,&quot;legend&quot;:&quot;0\\\/5 - (0 votos)&quot;,&quot;size&quot;:&quot;24&quot;,&quot;width&quot;:&quot;0&quot;,&quot;_legend&quot;:&quot;{score}\\\/{best} - ({count} {votes})&quot;}\">\n    \n<div class=\"kksr-stars\">\n    \n<div class=\"kksr-stars-inactive\">\n            <div class=\"kksr-star\" data-star=\"1\" style=\"padding-right: 4px\">\n            \n\n<div class=\"kksr-icon\" style=\"width: 24px; height: 24px;\"><\/div>\n        <\/div>\n            <div class=\"kksr-star\" data-star=\"2\" style=\"padding-right: 4px\">\n            \n\n<div class=\"kksr-icon\" style=\"width: 24px; height: 24px;\"><\/div>\n        <\/div>\n            <div class=\"kksr-star\" data-star=\"3\" style=\"padding-right: 4px\">\n            \n\n<div class=\"kksr-icon\" style=\"width: 24px; height: 24px;\"><\/div>\n        <\/div>\n            <div class=\"kksr-star\" data-star=\"4\" style=\"padding-right: 4px\">\n            \n\n<div class=\"kksr-icon\" style=\"width: 24px; height: 24px;\"><\/div>\n        <\/div>\n            <div class=\"kksr-star\" data-star=\"5\" style=\"padding-right: 4px\">\n            \n\n<div class=\"kksr-icon\" style=\"width: 24px; height: 24px;\"><\/div>\n        <\/div>\n    <\/div>\n    \n<div class=\"kksr-stars-active\" style=\"width: 0px;\">\n            <div class=\"kksr-star\" style=\"padding-right: 4px\">\n            \n\n<div class=\"kksr-icon\" style=\"width: 24px; height: 24px;\"><\/div>\n        <\/div>\n            <div class=\"kksr-star\" style=\"padding-right: 4px\">\n            \n\n<div class=\"kksr-icon\" style=\"width: 24px; height: 24px;\"><\/div>\n        <\/div>\n            <div class=\"kksr-star\" style=\"padding-right: 4px\">\n            \n\n<div class=\"kksr-icon\" style=\"width: 24px; height: 24px;\"><\/div>\n        <\/div>\n            <div class=\"kksr-star\" style=\"padding-right: 4px\">\n            \n\n<div class=\"kksr-icon\" style=\"width: 24px; height: 24px;\"><\/div>\n        <\/div>\n            <div class=\"kksr-star\" style=\"padding-right: 4px\">\n            \n\n<div class=\"kksr-icon\" style=\"width: 24px; height: 24px;\"><\/div>\n        <\/div>\n    <\/div>\n<\/div>\n    \n<div class=\"kksr-legend\">\n            <span class=\"kksr-muted\">Rate this post<\/span>\n    <\/div>\n<\/div>\n","protected":false},"excerpt":{"rendered":"<p>Con la llegada del verano las prendas de moda masculina experimentan cambios notables, siendo la americana la primera. La sustituta de \u00e9sta ser\u00e1 la chaqueta de lino, tambi\u00e9n conocida como desestructurada, se trata de una prenda que ya empieza a ser asidua en todos los armarios.<\/p>\n","protected":false},"author":2,"featured_media":177,"comment_status":"open","ping_status":"open","sticky":false,"template":"","format":"standard","meta":{"_monsterinsights_skip_tracking":false,"_monsterinsights_sitenote_active":false,"_monsterinsights_sitenote_note":"","_monsterinsights_sitenote_category":0,"footnotes":""},"categories":[2],"tags":[],"class_list":["post-176","post","type-post","status-publish","format-standard","has-post-thumbnail","hentry","category-moda-masculina"],"yoast_head":"<!-- This site is optimized with the Yoast SEO plugin v25.3.1 - https:\/\/yoast.com\/wordpress\/plugins\/seo\/ -->\n<title>Chaquetas de lino, \u00bfc\u00f3mo combinarlas? - Cencibel<\/title>\n<meta name=\"robots\" content=\"index, follow, max-snippet:-1, max-image-preview:large, max-video-preview:-1\" \/>\n<link rel=\"canonical\" href=\"https:\/\/www.cencibel.es\/blog\/chaquetas-de-lino-como-combinarlas\/\" \/>\n<meta property=\"og:locale\" content=\"es_ES\" \/>\n<meta property=\"og:type\" content=\"article\" \/>\n<meta property=\"og:title\" content=\"Chaquetas de lino, \u00bfc\u00f3mo combinarlas? - Cencibel\" \/>\n<meta property=\"og:description\" content=\"Con la llegada del verano las prendas de moda masculina experimentan cambios notables, siendo la americana la primera. La sustituta de \u00e9sta ser\u00e1 la chaqueta de lino, tambi\u00e9n conocida como desestructurada, se trata de una prenda que ya empieza a ser asidua en todos los armarios.\" \/>\n<meta property=\"og:url\" content=\"https:\/\/www.cencibel.es\/blog\/chaquetas-de-lino-como-combinarlas\/\" \/>\n<meta property=\"og:site_name\" content=\"Cencibel\" \/>\n<meta property=\"article:publisher\" content=\"https:\/\/www.facebook.com\/cencibel\/\" \/>\n<meta property=\"article:published_time\" content=\"2019-07-12T12:31:00+00:00\" \/>\n<meta property=\"article:modified_time\" content=\"2020-04-15T07:53:04+00:00\" \/>\n<meta property=\"og:image\" content=\"https:\/\/www.cencibel.es\/blog\/wp-content\/uploads\/2020\/04\/chaquetas-de-lino-como-combinarlas.jpg\" \/>\n\t<meta property=\"og:image:width\" content=\"1920\" \/>\n\t<meta property=\"og:image:height\" content=\"1080\" \/>\n\t<meta property=\"og:image:type\" content=\"image\/jpeg\" \/>\n<meta name=\"author\" content=\"Cencibel\" \/>\n<meta name=\"twitter:card\" content=\"summary_large_image\" \/>\n<meta name=\"twitter:creator\" content=\"@cencibelties\" \/>\n<meta name=\"twitter:site\" content=\"@cencibelties\" \/>\n<meta name=\"twitter:label1\" content=\"Escrito por\" \/>\n\t<meta name=\"twitter:data1\" content=\"Cencibel\" \/>\n\t<meta name=\"twitter:label2\" content=\"Tiempo de lectura\" \/>\n\t<meta name=\"twitter:data2\" content=\"3 minutos\" \/>\n<script type=\"application\/ld+json\" class=\"yoast-schema-graph\">{\"@context\":\"https:\/\/schema.org\",\"@graph\":[{\"@type\":\"Article\",\"@id\":\"https:\/\/www.cencibel.es\/blog\/chaquetas-de-lino-como-combinarlas\/#article\",\"isPartOf\":{\"@id\":\"https:\/\/www.cencibel.es\/blog\/chaquetas-de-lino-como-combinarlas\/\"},\"author\":{\"name\":\"Cencibel\",\"@id\":\"https:\/\/www.cencibel.es\/blog\/#\/schema\/person\/8b2fc92ea0a3467fd6c2e3c2f7d100a2\"},\"headline\":\"Chaquetas de lino, \u00bfc\u00f3mo combinarlas?\",\"datePublished\":\"2019-07-12T12:31:00+00:00\",\"dateModified\":\"2020-04-15T07:53:04+00:00\",\"mainEntityOfPage\":{\"@id\":\"https:\/\/www.cencibel.es\/blog\/chaquetas-de-lino-como-combinarlas\/\"},\"wordCount\":643,\"commentCount\":0,\"publisher\":{\"@id\":\"https:\/\/www.cencibel.es\/blog\/#organization\"},\"image\":{\"@id\":\"https:\/\/www.cencibel.es\/blog\/chaquetas-de-lino-como-combinarlas\/#primaryimage\"},\"thumbnailUrl\":\"https:\/\/www.cencibel.es\/blog\/wp-content\/uploads\/2020\/04\/chaquetas-de-lino-como-combinarlas.jpg\",\"articleSection\":[\"Estilo\"],\"inLanguage\":\"es\",\"potentialAction\":[{\"@type\":\"CommentAction\",\"name\":\"Comment\",\"target\":[\"https:\/\/www.cencibel.es\/blog\/chaquetas-de-lino-como-combinarlas\/#respond\"]}]},{\"@type\":\"WebPage\",\"@id\":\"https:\/\/www.cencibel.es\/blog\/chaquetas-de-lino-como-combinarlas\/\",\"url\":\"https:\/\/www.cencibel.es\/blog\/chaquetas-de-lino-como-combinarlas\/\",\"name\":\"Chaquetas de lino, \u00bfc\u00f3mo combinarlas? - Cencibel\",\"isPartOf\":{\"@id\":\"https:\/\/www.cencibel.es\/blog\/#website\"},\"primaryImageOfPage\":{\"@id\":\"https:\/\/www.cencibel.es\/blog\/chaquetas-de-lino-como-combinarlas\/#primaryimage\"},\"image\":{\"@id\":\"https:\/\/www.cencibel.es\/blog\/chaquetas-de-lino-como-combinarlas\/#primaryimage\"},\"thumbnailUrl\":\"https:\/\/www.cencibel.es\/blog\/wp-content\/uploads\/2020\/04\/chaquetas-de-lino-como-combinarlas.jpg\",\"datePublished\":\"2019-07-12T12:31:00+00:00\",\"dateModified\":\"2020-04-15T07:53:04+00:00\",\"breadcrumb\":{\"@id\":\"https:\/\/www.cencibel.es\/blog\/chaquetas-de-lino-como-combinarlas\/#breadcrumb\"},\"inLanguage\":\"es\",\"potentialAction\":[{\"@type\":\"ReadAction\",\"target\":[\"https:\/\/www.cencibel.es\/blog\/chaquetas-de-lino-como-combinarlas\/\"]}]},{\"@type\":\"ImageObject\",\"inLanguage\":\"es\",\"@id\":\"https:\/\/www.cencibel.es\/blog\/chaquetas-de-lino-como-combinarlas\/#primaryimage\",\"url\":\"https:\/\/www.cencibel.es\/blog\/wp-content\/uploads\/2020\/04\/chaquetas-de-lino-como-combinarlas.jpg\",\"contentUrl\":\"https:\/\/www.cencibel.es\/blog\/wp-content\/uploads\/2020\/04\/chaquetas-de-lino-como-combinarlas.jpg\",\"width\":1920,\"height\":1080,\"caption\":\"Chaquetas de lino, \u00bfc\u00f3mo combinarlas?\"},{\"@type\":\"BreadcrumbList\",\"@id\":\"https:\/\/www.cencibel.es\/blog\/chaquetas-de-lino-como-combinarlas\/#breadcrumb\",\"itemListElement\":[{\"@type\":\"ListItem\",\"position\":1,\"name\":\"Portada\",\"item\":\"https:\/\/www.cencibel.es\/blog\/\"},{\"@type\":\"ListItem\",\"position\":2,\"name\":\"Chaquetas de lino, \u00bfc\u00f3mo combinarlas?\"}]},{\"@type\":\"WebSite\",\"@id\":\"https:\/\/www.cencibel.es\/blog\/#website\",\"url\":\"https:\/\/www.cencibel.es\/blog\/\",\"name\":\"Cencibel\",\"description\":\"Blog de moda masculina\",\"publisher\":{\"@id\":\"https:\/\/www.cencibel.es\/blog\/#organization\"},\"potentialAction\":[{\"@type\":\"SearchAction\",\"target\":{\"@type\":\"EntryPoint\",\"urlTemplate\":\"https:\/\/www.cencibel.es\/blog\/?s={search_term_string}\"},\"query-input\":{\"@type\":\"PropertyValueSpecification\",\"valueRequired\":true,\"valueName\":\"search_term_string\"}}],\"inLanguage\":\"es\"},{\"@type\":\"Organization\",\"@id\":\"https:\/\/www.cencibel.es\/blog\/#organization\",\"name\":\"CENCIBEL\",\"url\":\"https:\/\/www.cencibel.es\/blog\/\",\"logo\":{\"@type\":\"ImageObject\",\"inLanguage\":\"es\",\"@id\":\"https:\/\/www.cencibel.es\/blog\/#\/schema\/logo\/image\/\",\"url\":\"https:\/\/www.cencibel.es\/blog\/wp-content\/uploads\/2020\/04\/logo-cencibel.png\",\"contentUrl\":\"https:\/\/www.cencibel.es\/blog\/wp-content\/uploads\/2020\/04\/logo-cencibel.png\",\"width\":157,\"height\":129,\"caption\":\"CENCIBEL\"},\"image\":{\"@id\":\"https:\/\/www.cencibel.es\/blog\/#\/schema\/logo\/image\/\"},\"sameAs\":[\"https:\/\/www.facebook.com\/cencibel\/\",\"https:\/\/x.com\/cencibelties\"]},{\"@type\":\"Person\",\"@id\":\"https:\/\/www.cencibel.es\/blog\/#\/schema\/person\/8b2fc92ea0a3467fd6c2e3c2f7d100a2\",\"name\":\"Cencibel\",\"image\":{\"@type\":\"ImageObject\",\"inLanguage\":\"es\",\"@id\":\"https:\/\/www.cencibel.es\/blog\/#\/schema\/person\/image\/\",\"url\":\"https:\/\/secure.gravatar.com\/avatar\/f18f4c495d7668060b70ea4d64213c64cb98fd0d06d267a1c1d8208bcb93f77b?s=96&d=mm&r=g\",\"contentUrl\":\"https:\/\/secure.gravatar.com\/avatar\/f18f4c495d7668060b70ea4d64213c64cb98fd0d06d267a1c1d8208bcb93f77b?s=96&d=mm&r=g\",\"caption\":\"Cencibel\"},\"sameAs\":[\"https:\/\/www.cencibel.es\"]}]}<\/script>\n<!-- \/ Yoast SEO plugin. -->","yoast_head_json":{"title":"Chaquetas de lino, \u00bfc\u00f3mo combinarlas? - Cencibel","robots":{"index":"index","follow":"follow","max-snippet":"max-snippet:-1","max-image-preview":"max-image-preview:large","max-video-preview":"max-video-preview:-1"},"canonical":"https:\/\/www.cencibel.es\/blog\/chaquetas-de-lino-como-combinarlas\/","og_locale":"es_ES","og_type":"article","og_title":"Chaquetas de lino, \u00bfc\u00f3mo combinarlas? - Cencibel","og_description":"Con la llegada del verano las prendas de moda masculina experimentan cambios notables, siendo la americana la primera. La sustituta de \u00e9sta ser\u00e1 la chaqueta de lino, tambi\u00e9n conocida como desestructurada, se trata de una prenda que ya empieza a ser asidua en todos los armarios.","og_url":"https:\/\/www.cencibel.es\/blog\/chaquetas-de-lino-como-combinarlas\/","og_site_name":"Cencibel","article_publisher":"https:\/\/www.facebook.com\/cencibel\/","article_published_time":"2019-07-12T12:31:00+00:00","article_modified_time":"2020-04-15T07:53:04+00:00","og_image":[{"width":1920,"height":1080,"url":"https:\/\/www.cencibel.es\/blog\/wp-content\/uploads\/2020\/04\/chaquetas-de-lino-como-combinarlas.jpg","type":"image\/jpeg"}],"author":"Cencibel","twitter_card":"summary_large_image","twitter_creator":"@cencibelties","twitter_site":"@cencibelties","twitter_misc":{"Escrito por":"Cencibel","Tiempo de lectura":"3 minutos"},"schema":{"@context":"https:\/\/schema.org","@graph":[{"@type":"Article","@id":"https:\/\/www.cencibel.es\/blog\/chaquetas-de-lino-como-combinarlas\/#article","isPartOf":{"@id":"https:\/\/www.cencibel.es\/blog\/chaquetas-de-lino-como-combinarlas\/"},"author":{"name":"Cencibel","@id":"https:\/\/www.cencibel.es\/blog\/#\/schema\/person\/8b2fc92ea0a3467fd6c2e3c2f7d100a2"},"headline":"Chaquetas de lino, \u00bfc\u00f3mo combinarlas?","datePublished":"2019-07-12T12:31:00+00:00","dateModified":"2020-04-15T07:53:04+00:00","mainEntityOfPage":{"@id":"https:\/\/www.cencibel.es\/blog\/chaquetas-de-lino-como-combinarlas\/"},"wordCount":643,"commentCount":0,"publisher":{"@id":"https:\/\/www.cencibel.es\/blog\/#organization"},"image":{"@id":"https:\/\/www.cencibel.es\/blog\/chaquetas-de-lino-como-combinarlas\/#primaryimage"},"thumbnailUrl":"https:\/\/www.cencibel.es\/blog\/wp-content\/uploads\/2020\/04\/chaquetas-de-lino-como-combinarlas.jpg","articleSection":["Estilo"],"inLanguage":"es","potentialAction":[{"@type":"CommentAction","name":"Comment","target":["https:\/\/www.cencibel.es\/blog\/chaquetas-de-lino-como-combinarlas\/#respond"]}]},{"@type":"WebPage","@id":"https:\/\/www.cencibel.es\/blog\/chaquetas-de-lino-como-combinarlas\/","url":"https:\/\/www.cencibel.es\/blog\/chaquetas-de-lino-como-combinarlas\/","name":"Chaquetas de lino, \u00bfc\u00f3mo combinarlas? - Cencibel","isPartOf":{"@id":"https:\/\/www.cencibel.es\/blog\/#website"},"primaryImageOfPage":{"@id":"https:\/\/www.cencibel.es\/blog\/chaquetas-de-lino-como-combinarlas\/#primaryimage"},"image":{"@id":"https:\/\/www.cencibel.es\/blog\/chaquetas-de-lino-como-combinarlas\/#primaryimage"},"thumbnailUrl":"https:\/\/www.cencibel.es\/blog\/wp-content\/uploads\/2020\/04\/chaquetas-de-lino-como-combinarlas.jpg","datePublished":"2019-07-12T12:31:00+00:00","dateModified":"2020-04-15T07:53:04+00:00","breadcrumb":{"@id":"https:\/\/www.cencibel.es\/blog\/chaquetas-de-lino-como-combinarlas\/#breadcrumb"},"inLanguage":"es","potentialAction":[{"@type":"ReadAction","target":["https:\/\/www.cencibel.es\/blog\/chaquetas-de-lino-como-combinarlas\/"]}]},{"@type":"ImageObject","inLanguage":"es","@id":"https:\/\/www.cencibel.es\/blog\/chaquetas-de-lino-como-combinarlas\/#primaryimage","url":"https:\/\/www.cencibel.es\/blog\/wp-content\/uploads\/2020\/04\/chaquetas-de-lino-como-combinarlas.jpg","contentUrl":"https:\/\/www.cencibel.es\/blog\/wp-content\/uploads\/2020\/04\/chaquetas-de-lino-como-combinarlas.jpg","width":1920,"height":1080,"caption":"Chaquetas de lino, \u00bfc\u00f3mo combinarlas?"},{"@type":"BreadcrumbList","@id":"https:\/\/www.cencibel.es\/blog\/chaquetas-de-lino-como-combinarlas\/#breadcrumb","itemListElement":[{"@type":"ListItem","position":1,"name":"Portada","item":"https:\/\/www.cencibel.es\/blog\/"},{"@type":"ListItem","position":2,"name":"Chaquetas de lino, \u00bfc\u00f3mo combinarlas?"}]},{"@type":"WebSite","@id":"https:\/\/www.cencibel.es\/blog\/#website","url":"https:\/\/www.cencibel.es\/blog\/","name":"Cencibel","description":"Blog de moda masculina","publisher":{"@id":"https:\/\/www.cencibel.es\/blog\/#organization"},"potentialAction":[{"@type":"SearchAction","target":{"@type":"EntryPoint","urlTemplate":"https:\/\/www.cencibel.es\/blog\/?s={search_term_string}"},"query-input":{"@type":"PropertyValueSpecification","valueRequired":true,"valueName":"search_term_string"}}],"inLanguage":"es"},{"@type":"Organization","@id":"https:\/\/www.cencibel.es\/blog\/#organization","name":"CENCIBEL","url":"https:\/\/www.cencibel.es\/blog\/","logo":{"@type":"ImageObject","inLanguage":"es","@id":"https:\/\/www.cencibel.es\/blog\/#\/schema\/logo\/image\/","url":"https:\/\/www.cencibel.es\/blog\/wp-content\/uploads\/2020\/04\/logo-cencibel.png","contentUrl":"https:\/\/www.cencibel.es\/blog\/wp-content\/uploads\/2020\/04\/logo-cencibel.png","width":157,"height":129,"caption":"CENCIBEL"},"image":{"@id":"https:\/\/www.cencibel.es\/blog\/#\/schema\/logo\/image\/"},"sameAs":["https:\/\/www.facebook.com\/cencibel\/","https:\/\/x.com\/cencibelties"]},{"@type":"Person","@id":"https:\/\/www.cencibel.es\/blog\/#\/schema\/person\/8b2fc92ea0a3467fd6c2e3c2f7d100a2","name":"Cencibel","image":{"@type":"ImageObject","inLanguage":"es","@id":"https:\/\/www.cencibel.es\/blog\/#\/schema\/person\/image\/","url":"https:\/\/secure.gravatar.com\/avatar\/f18f4c495d7668060b70ea4d64213c64cb98fd0d06d267a1c1d8208bcb93f77b?s=96&d=mm&r=g","contentUrl":"https:\/\/secure.gravatar.com\/avatar\/f18f4c495d7668060b70ea4d64213c64cb98fd0d06d267a1c1d8208bcb93f77b?s=96&d=mm&r=g","caption":"Cencibel"},"sameAs":["https:\/\/www.cencibel.es"]}]}},"_links":{"self":[{"href":"https:\/\/www.cencibel.es\/blog\/wp-json\/wp\/v2\/posts\/176","targetHints":{"allow":["GET"]}}],"collection":[{"href":"https:\/\/www.cencibel.es\/blog\/wp-json\/wp\/v2\/posts"}],"about":[{"href":"https:\/\/www.cencibel.es\/blog\/wp-json\/wp\/v2\/types\/post"}],"author":[{"embeddable":true,"href":"https:\/\/www.cencibel.es\/blog\/wp-json\/wp\/v2\/users\/2"}],"replies":[{"embeddable":true,"href":"https:\/\/www.cencibel.es\/blog\/wp-json\/wp\/v2\/comments?post=176"}],"version-history":[{"count":2,"href":"https:\/\/www.cencibel.es\/blog\/wp-json\/wp\/v2\/posts\/176\/revisions"}],"predecessor-version":[{"id":316,"href":"https:\/\/www.cencibel.es\/blog\/wp-json\/wp\/v2\/posts\/176\/revisions\/316"}],"wp:featuredmedia":[{"embeddable":true,"href":"https:\/\/www.cencibel.es\/blog\/wp-json\/wp\/v2\/media\/177"}],"wp:attachment":[{"href":"https:\/\/www.cencibel.es\/blog\/wp-json\/wp\/v2\/media?parent=176"}],"wp:term":[{"taxonomy":"category","embeddable":true,"href":"https:\/\/www.cencibel.es\/blog\/wp-json\/wp\/v2\/categories?post=176"},{"taxonomy":"post_tag","embeddable":true,"href":"https:\/\/www.cencibel.es\/blog\/wp-json\/wp\/v2\/tags?post=176"}],"curies":[{"name":"wp","href":"https:\/\/api.w.org\/{rel}","templated":true}]}}