{"id":20,"date":"2018-06-08T13:45:00","date_gmt":"2018-06-08T11:45:00","guid":{"rendered":"http:\/\/www2.cencibel.es\/blog\/?p=20"},"modified":"2020-04-09T13:40:58","modified_gmt":"2020-04-09T11:40:58","slug":"consejos-para-llevar-traje-y-mantenerte-fresco","status":"publish","type":"post","link":"https:\/\/www.cencibel.es\/blog\/consejos-para-llevar-traje-y-mantenerte-fresco\/","title":{"rendered":"Consejos para llevar traje y mantenerte fresco"},"content":{"rendered":"\n<p>Oficialmente ya estamos en verano, ha llegado el buen tiempo y el calor. Es \u00e9poca de fiestas en espacios al aire libre, terrazas, ferias, bodas, etc. Nos animamos mucho cuando sale el sol del verano y podemos celebrar al aire libre.<\/p>\n\n\n\n<p>Seguro que ya tienes&nbsp;<strong>alg\u00fan evento importante apuntado en tu calendario de verano, como una comuni\u00f3n, boda o bautizo,<\/strong>&nbsp;y que posiblemente necesites usar en \u00e9l un outfit formal para la ocasi\u00f3n, y es en este momento cuando muchos caballeros temen pasar demasiado calor usando un traje bajo las altas temperaturas del verano. Hoy os vamos a contar algunos trucos muy \u00fatiles para que el calor del verano no sea un inconveniente y lucir un look de traje muy elegante durante esta estupenda \u00e9poca del a\u00f1o.<\/p>\n\n\n\n<h2 class=\"wp-block-heading\">Trucos para no tener calor llevando traje<\/h2>\n\n\n\n<p>Toma muy en cuenta el material del que est\u00e1 hecho tu traje, porque este puede ser clave para que no sufras demasiado de calor. Para mantenerte fresco las fibras naturales ser\u00e1n tus mejores aliadas.&nbsp;<strong>El algod\u00f3n, el lino y la seda son tejidos que transpiran m\u00e1s y por lo tanto ayudan a mantener una buena temperatura corporal.<\/strong>&nbsp;Opta por escoger este tipo de tejidos.<\/p>\n\n\n\n<p>El color de la ropa tambi\u00e9n tiene un papel muy importante. Mantente alejado de los colores oscuros durante el verano, ya que estos absorben m\u00e1s el calor. Por esta curiosidad es que&nbsp;<strong>la ropa de verano siempre tiende a ser de colores m\u00e1s claros y pasteles<\/strong>. Combina trajes con colores crema, rosa palo, azul claro.<\/p>\n\n\n\n<p>Al igual que los estampados, busca estampados ligeros de colores claros, m\u00e1s veraniegos, como por ejemplo el&nbsp;<strong>estampado Liberty,<\/strong>&nbsp;sin duda el favorito de muchos para lucir bajo el sol.<\/p>\n\n\n\n<p>Puede que parezca algo contradictorio, pero usar una camiseta debajo te ayudar\u00e1 a mantener m\u00e1s fresco, ya que esta actuar\u00e1 de barrera por si acaso comienzas a sudar, entonces el sudor no ser\u00e1 absorbido por el resto de tejidos de tu camisa, o la chaqueta del traje, lo que te har\u00eda sentir mucho m\u00e1s acalorado si llegase a suceder.<\/p>\n\n\n\n<p>No utilices complementos innecesarios, por ejemplo, los pa\u00f1uelos amarrados al cuello te har\u00e1n sentir mucho calor, intenta prescindir de los chalecos, los tirantes, y las corbatas demasiado gruesas.<\/p>\n\n\n\n<p>Si necesitas usar corbata para la ocasi\u00f3n te recomendamos optar por las&nbsp;<a href=\"https:\/\/www.cencibel.es\/corbatas\/\"><strong>corbatas de seda<\/strong><\/a>&nbsp;de grosor fino, ya que este material es de los m\u00e1s frescos que se pueden conseguir. Adem\u00e1s,<strong>&nbsp;las corbatas estrechas al tener menor cantidad de tejido son mucho m\u00e1s c\u00f3modas<\/strong>&nbsp;de llevar para evitar el calor.<\/p>\n\n\n\n<p>Claro que la mejor opci\u00f3n siempre ser\u00e1 utilizar un traje de no m\u00e1s de 3 piezas, aunque esto puede ser un problema si necesitas usar chaqueta, pero siempre que puedas lo ideal es prescindir de ella, y en el caso de no poder prescindir de la chaqueta, nuestra recomendaci\u00f3n es siempre utilizar chaquetas lino o lana de color claro para que absorba mejor el calor.<\/p>\n\n\n\n<h2 class=\"wp-block-heading\">Trajes claros y complementos de moda para este verano<\/h2>\n\n\n\n<p>Una de las ventajas de los trajes de verano es que al ser claros pueden combinar perfectamente con diferentes estilos de corbatas, aunque para no agobiarte con el calor, el mejor material del que debe estar hecha la corbata es el seda o la lana.<\/p>\n\n\n\n<p>En Cencibel, disponemos de una amplia selecci\u00f3n de modelos de corbatas de estos dos materiales; lisas, estampado liberty, estrechas, variedad de colores. Visita nuestra amplia colecci\u00f3n de&nbsp;<a href=\"https:\/\/www.cencibel.es\/corbatas\"><strong>corbatas elegantes<\/strong><\/a>&nbsp;\u00a1y encuentra tu favorita!<\/p>\n\n<div class=\"kk-star-ratings\n     kksr-valign-bottom     kksr-align-left    \"\n    data-payload=\"{&quot;align&quot;:&quot;left&quot;,&quot;id&quot;:&quot;20&quot;,&quot;slug&quot;:&quot;default&quot;,&quot;valign&quot;:&quot;bottom&quot;,&quot;reference&quot;:&quot;auto&quot;,&quot;count&quot;:&quot;152&quot;,&quot;readonly&quot;:&quot;&quot;,&quot;score&quot;:&quot;4.7&quot;,&quot;best&quot;:&quot;5&quot;,&quot;gap&quot;:&quot;4&quot;,&quot;greet&quot;:&quot;Rate this post&quot;,&quot;legend&quot;:&quot;4.7\\\/5 - (152 votos)&quot;,&quot;size&quot;:&quot;24&quot;,&quot;width&quot;:&quot;129.6&quot;,&quot;_legend&quot;:&quot;{score}\\\/{best} - ({count} {votes})&quot;}\">\n    \n<div class=\"kksr-stars\">\n    \n<div class=\"kksr-stars-inactive\">\n            <div class=\"kksr-star\" data-star=\"1\" style=\"padding-right: 4px\">\n            \n\n<div class=\"kksr-icon\" style=\"width: 24px; height: 24px;\"><\/div>\n        <\/div>\n            <div class=\"kksr-star\" data-star=\"2\" style=\"padding-right: 4px\">\n            \n\n<div class=\"kksr-icon\" style=\"width: 24px; height: 24px;\"><\/div>\n        <\/div>\n            <div class=\"kksr-star\" data-star=\"3\" style=\"padding-right: 4px\">\n            \n\n<div class=\"kksr-icon\" style=\"width: 24px; height: 24px;\"><\/div>\n        <\/div>\n            <div class=\"kksr-star\" data-star=\"4\" style=\"padding-right: 4px\">\n            \n\n<div class=\"kksr-icon\" style=\"width: 24px; height: 24px;\"><\/div>\n        <\/div>\n            <div class=\"kksr-star\" data-star=\"5\" style=\"padding-right: 4px\">\n            \n\n<div class=\"kksr-icon\" style=\"width: 24px; height: 24px;\"><\/div>\n        <\/div>\n    <\/div>\n    \n<div class=\"kksr-stars-active\" style=\"width: 129.6px;\">\n            <div class=\"kksr-star\" style=\"padding-right: 4px\">\n            \n\n<div class=\"kksr-icon\" style=\"width: 24px; height: 24px;\"><\/div>\n        <\/div>\n            <div class=\"kksr-star\" style=\"padding-right: 4px\">\n            \n\n<div class=\"kksr-icon\" style=\"width: 24px; height: 24px;\"><\/div>\n        <\/div>\n            <div class=\"kksr-star\" style=\"padding-right: 4px\">\n            \n\n<div class=\"kksr-icon\" style=\"width: 24px; height: 24px;\"><\/div>\n        <\/div>\n            <div class=\"kksr-star\" style=\"padding-right: 4px\">\n            \n\n<div class=\"kksr-icon\" style=\"width: 24px; height: 24px;\"><\/div>\n        <\/div>\n            <div class=\"kksr-star\" style=\"padding-right: 4px\">\n            \n\n<div class=\"kksr-icon\" style=\"width: 24px; height: 24px;\"><\/div>\n        <\/div>\n    <\/div>\n<\/div>\n    \n<div class=\"kksr-legend\">\n            4.7\/5 - (152 votos)    <\/div>\n<\/div>\n","protected":false},"excerpt":{"rendered":"<p>Oficialmente ya estamos en verano, ha llegado el buen tiempo y el calor. Es \u00e9poca de fiestas en espacios al aire libre, terrazas, ferias, bodas, etc. Nos animamos mucho cuando sale el sol del verano y podemos celebrar al aire libre.<\/p>\n","protected":false},"author":2,"featured_media":21,"comment_status":"open","ping_status":"open","sticky":false,"template":"","format":"standard","meta":{"_monsterinsights_skip_tracking":false,"_monsterinsights_sitenote_active":false,"_monsterinsights_sitenote_note":"","_monsterinsights_sitenote_category":0,"footnotes":""},"categories":[2],"tags":[],"class_list":["post-20","post","type-post","status-publish","format-standard","has-post-thumbnail","hentry","category-moda-masculina"],"yoast_head":"<!-- This site is optimized with the Yoast SEO plugin v25.3.1 - https:\/\/yoast.com\/wordpress\/plugins\/seo\/ -->\n<title>Consejos para llevar traje y mantenerte fresco - Cencibel<\/title>\n<meta name=\"robots\" content=\"index, follow, max-snippet:-1, max-image-preview:large, max-video-preview:-1\" \/>\n<link rel=\"canonical\" href=\"https:\/\/www.cencibel.es\/blog\/consejos-para-llevar-traje-y-mantenerte-fresco\/\" \/>\n<meta property=\"og:locale\" content=\"es_ES\" \/>\n<meta property=\"og:type\" content=\"article\" \/>\n<meta property=\"og:title\" content=\"Consejos para llevar traje y mantenerte fresco - Cencibel\" \/>\n<meta property=\"og:description\" content=\"Oficialmente ya estamos en verano, ha llegado el buen tiempo y el calor. Es \u00e9poca de fiestas en espacios al aire libre, terrazas, ferias, bodas, etc. Nos animamos mucho cuando sale el sol del verano y podemos celebrar al aire libre.\" \/>\n<meta property=\"og:url\" content=\"https:\/\/www.cencibel.es\/blog\/consejos-para-llevar-traje-y-mantenerte-fresco\/\" \/>\n<meta property=\"og:site_name\" content=\"Cencibel\" \/>\n<meta property=\"article:publisher\" content=\"https:\/\/www.facebook.com\/cencibel\/\" \/>\n<meta property=\"article:published_time\" content=\"2018-06-08T11:45:00+00:00\" \/>\n<meta property=\"article:modified_time\" content=\"2020-04-09T11:40:58+00:00\" \/>\n<meta property=\"og:image\" content=\"https:\/\/www.cencibel.es\/blog\/wp-content\/uploads\/2020\/04\/consejos-para-llevar-traje-y-mantenerte-fresco.jpg\" \/>\n\t<meta property=\"og:image:width\" content=\"870\" \/>\n\t<meta property=\"og:image:height\" content=\"870\" \/>\n\t<meta property=\"og:image:type\" content=\"image\/jpeg\" \/>\n<meta name=\"author\" content=\"Cencibel\" \/>\n<meta name=\"twitter:card\" content=\"summary_large_image\" \/>\n<meta name=\"twitter:creator\" content=\"@cencibelties\" \/>\n<meta name=\"twitter:site\" content=\"@cencibelties\" \/>\n<meta name=\"twitter:label1\" content=\"Escrito por\" \/>\n\t<meta name=\"twitter:data1\" content=\"Cencibel\" \/>\n\t<meta name=\"twitter:label2\" content=\"Tiempo de lectura\" \/>\n\t<meta name=\"twitter:data2\" content=\"3 minutos\" \/>\n<script type=\"application\/ld+json\" class=\"yoast-schema-graph\">{\"@context\":\"https:\/\/schema.org\",\"@graph\":[{\"@type\":\"Article\",\"@id\":\"https:\/\/www.cencibel.es\/blog\/consejos-para-llevar-traje-y-mantenerte-fresco\/#article\",\"isPartOf\":{\"@id\":\"https:\/\/www.cencibel.es\/blog\/consejos-para-llevar-traje-y-mantenerte-fresco\/\"},\"author\":{\"name\":\"Cencibel\",\"@id\":\"https:\/\/www.cencibel.es\/blog\/#\/schema\/person\/8b2fc92ea0a3467fd6c2e3c2f7d100a2\"},\"headline\":\"Consejos para llevar traje y mantenerte fresco\",\"datePublished\":\"2018-06-08T11:45:00+00:00\",\"dateModified\":\"2020-04-09T11:40:58+00:00\",\"mainEntityOfPage\":{\"@id\":\"https:\/\/www.cencibel.es\/blog\/consejos-para-llevar-traje-y-mantenerte-fresco\/\"},\"wordCount\":618,\"commentCount\":0,\"publisher\":{\"@id\":\"https:\/\/www.cencibel.es\/blog\/#organization\"},\"image\":{\"@id\":\"https:\/\/www.cencibel.es\/blog\/consejos-para-llevar-traje-y-mantenerte-fresco\/#primaryimage\"},\"thumbnailUrl\":\"https:\/\/www.cencibel.es\/blog\/wp-content\/uploads\/2020\/04\/consejos-para-llevar-traje-y-mantenerte-fresco.jpg\",\"articleSection\":[\"Estilo\"],\"inLanguage\":\"es\",\"potentialAction\":[{\"@type\":\"CommentAction\",\"name\":\"Comment\",\"target\":[\"https:\/\/www.cencibel.es\/blog\/consejos-para-llevar-traje-y-mantenerte-fresco\/#respond\"]}]},{\"@type\":\"WebPage\",\"@id\":\"https:\/\/www.cencibel.es\/blog\/consejos-para-llevar-traje-y-mantenerte-fresco\/\",\"url\":\"https:\/\/www.cencibel.es\/blog\/consejos-para-llevar-traje-y-mantenerte-fresco\/\",\"name\":\"Consejos para llevar traje y mantenerte fresco - Cencibel\",\"isPartOf\":{\"@id\":\"https:\/\/www.cencibel.es\/blog\/#website\"},\"primaryImageOfPage\":{\"@id\":\"https:\/\/www.cencibel.es\/blog\/consejos-para-llevar-traje-y-mantenerte-fresco\/#primaryimage\"},\"image\":{\"@id\":\"https:\/\/www.cencibel.es\/blog\/consejos-para-llevar-traje-y-mantenerte-fresco\/#primaryimage\"},\"thumbnailUrl\":\"https:\/\/www.cencibel.es\/blog\/wp-content\/uploads\/2020\/04\/consejos-para-llevar-traje-y-mantenerte-fresco.jpg\",\"datePublished\":\"2018-06-08T11:45:00+00:00\",\"dateModified\":\"2020-04-09T11:40:58+00:00\",\"breadcrumb\":{\"@id\":\"https:\/\/www.cencibel.es\/blog\/consejos-para-llevar-traje-y-mantenerte-fresco\/#breadcrumb\"},\"inLanguage\":\"es\",\"potentialAction\":[{\"@type\":\"ReadAction\",\"target\":[\"https:\/\/www.cencibel.es\/blog\/consejos-para-llevar-traje-y-mantenerte-fresco\/\"]}]},{\"@type\":\"ImageObject\",\"inLanguage\":\"es\",\"@id\":\"https:\/\/www.cencibel.es\/blog\/consejos-para-llevar-traje-y-mantenerte-fresco\/#primaryimage\",\"url\":\"https:\/\/www.cencibel.es\/blog\/wp-content\/uploads\/2020\/04\/consejos-para-llevar-traje-y-mantenerte-fresco.jpg\",\"contentUrl\":\"https:\/\/www.cencibel.es\/blog\/wp-content\/uploads\/2020\/04\/consejos-para-llevar-traje-y-mantenerte-fresco.jpg\",\"width\":870,\"height\":870,\"caption\":\"Consejos para llevar traje y mantenerte fresco\"},{\"@type\":\"BreadcrumbList\",\"@id\":\"https:\/\/www.cencibel.es\/blog\/consejos-para-llevar-traje-y-mantenerte-fresco\/#breadcrumb\",\"itemListElement\":[{\"@type\":\"ListItem\",\"position\":1,\"name\":\"Portada\",\"item\":\"https:\/\/www.cencibel.es\/blog\/\"},{\"@type\":\"ListItem\",\"position\":2,\"name\":\"Consejos para llevar traje y mantenerte fresco\"}]},{\"@type\":\"WebSite\",\"@id\":\"https:\/\/www.cencibel.es\/blog\/#website\",\"url\":\"https:\/\/www.cencibel.es\/blog\/\",\"name\":\"Cencibel\",\"description\":\"Blog de moda masculina\",\"publisher\":{\"@id\":\"https:\/\/www.cencibel.es\/blog\/#organization\"},\"potentialAction\":[{\"@type\":\"SearchAction\",\"target\":{\"@type\":\"EntryPoint\",\"urlTemplate\":\"https:\/\/www.cencibel.es\/blog\/?s={search_term_string}\"},\"query-input\":{\"@type\":\"PropertyValueSpecification\",\"valueRequired\":true,\"valueName\":\"search_term_string\"}}],\"inLanguage\":\"es\"},{\"@type\":\"Organization\",\"@id\":\"https:\/\/www.cencibel.es\/blog\/#organization\",\"name\":\"CENCIBEL\",\"url\":\"https:\/\/www.cencibel.es\/blog\/\",\"logo\":{\"@type\":\"ImageObject\",\"inLanguage\":\"es\",\"@id\":\"https:\/\/www.cencibel.es\/blog\/#\/schema\/logo\/image\/\",\"url\":\"https:\/\/www.cencibel.es\/blog\/wp-content\/uploads\/2020\/04\/logo-cencibel.png\",\"contentUrl\":\"https:\/\/www.cencibel.es\/blog\/wp-content\/uploads\/2020\/04\/logo-cencibel.png\",\"width\":157,\"height\":129,\"caption\":\"CENCIBEL\"},\"image\":{\"@id\":\"https:\/\/www.cencibel.es\/blog\/#\/schema\/logo\/image\/\"},\"sameAs\":[\"https:\/\/www.facebook.com\/cencibel\/\",\"https:\/\/x.com\/cencibelties\"]},{\"@type\":\"Person\",\"@id\":\"https:\/\/www.cencibel.es\/blog\/#\/schema\/person\/8b2fc92ea0a3467fd6c2e3c2f7d100a2\",\"name\":\"Cencibel\",\"image\":{\"@type\":\"ImageObject\",\"inLanguage\":\"es\",\"@id\":\"https:\/\/www.cencibel.es\/blog\/#\/schema\/person\/image\/\",\"url\":\"https:\/\/secure.gravatar.com\/avatar\/f18f4c495d7668060b70ea4d64213c64cb98fd0d06d267a1c1d8208bcb93f77b?s=96&d=mm&r=g\",\"contentUrl\":\"https:\/\/secure.gravatar.com\/avatar\/f18f4c495d7668060b70ea4d64213c64cb98fd0d06d267a1c1d8208bcb93f77b?s=96&d=mm&r=g\",\"caption\":\"Cencibel\"},\"sameAs\":[\"https:\/\/www.cencibel.es\"]}]}<\/script>\n<!-- \/ Yoast SEO plugin. -->","yoast_head_json":{"title":"Consejos para llevar traje y mantenerte fresco - Cencibel","robots":{"index":"index","follow":"follow","max-snippet":"max-snippet:-1","max-image-preview":"max-image-preview:large","max-video-preview":"max-video-preview:-1"},"canonical":"https:\/\/www.cencibel.es\/blog\/consejos-para-llevar-traje-y-mantenerte-fresco\/","og_locale":"es_ES","og_type":"article","og_title":"Consejos para llevar traje y mantenerte fresco - Cencibel","og_description":"Oficialmente ya estamos en verano, ha llegado el buen tiempo y el calor. Es \u00e9poca de fiestas en espacios al aire libre, terrazas, ferias, bodas, etc. Nos animamos mucho cuando sale el sol del verano y podemos celebrar al aire libre.","og_url":"https:\/\/www.cencibel.es\/blog\/consejos-para-llevar-traje-y-mantenerte-fresco\/","og_site_name":"Cencibel","article_publisher":"https:\/\/www.facebook.com\/cencibel\/","article_published_time":"2018-06-08T11:45:00+00:00","article_modified_time":"2020-04-09T11:40:58+00:00","og_image":[{"width":870,"height":870,"url":"https:\/\/www.cencibel.es\/blog\/wp-content\/uploads\/2020\/04\/consejos-para-llevar-traje-y-mantenerte-fresco.jpg","type":"image\/jpeg"}],"author":"Cencibel","twitter_card":"summary_large_image","twitter_creator":"@cencibelties","twitter_site":"@cencibelties","twitter_misc":{"Escrito por":"Cencibel","Tiempo de lectura":"3 minutos"},"schema":{"@context":"https:\/\/schema.org","@graph":[{"@type":"Article","@id":"https:\/\/www.cencibel.es\/blog\/consejos-para-llevar-traje-y-mantenerte-fresco\/#article","isPartOf":{"@id":"https:\/\/www.cencibel.es\/blog\/consejos-para-llevar-traje-y-mantenerte-fresco\/"},"author":{"name":"Cencibel","@id":"https:\/\/www.cencibel.es\/blog\/#\/schema\/person\/8b2fc92ea0a3467fd6c2e3c2f7d100a2"},"headline":"Consejos para llevar traje y mantenerte fresco","datePublished":"2018-06-08T11:45:00+00:00","dateModified":"2020-04-09T11:40:58+00:00","mainEntityOfPage":{"@id":"https:\/\/www.cencibel.es\/blog\/consejos-para-llevar-traje-y-mantenerte-fresco\/"},"wordCount":618,"commentCount":0,"publisher":{"@id":"https:\/\/www.cencibel.es\/blog\/#organization"},"image":{"@id":"https:\/\/www.cencibel.es\/blog\/consejos-para-llevar-traje-y-mantenerte-fresco\/#primaryimage"},"thumbnailUrl":"https:\/\/www.cencibel.es\/blog\/wp-content\/uploads\/2020\/04\/consejos-para-llevar-traje-y-mantenerte-fresco.jpg","articleSection":["Estilo"],"inLanguage":"es","potentialAction":[{"@type":"CommentAction","name":"Comment","target":["https:\/\/www.cencibel.es\/blog\/consejos-para-llevar-traje-y-mantenerte-fresco\/#respond"]}]},{"@type":"WebPage","@id":"https:\/\/www.cencibel.es\/blog\/consejos-para-llevar-traje-y-mantenerte-fresco\/","url":"https:\/\/www.cencibel.es\/blog\/consejos-para-llevar-traje-y-mantenerte-fresco\/","name":"Consejos para llevar traje y mantenerte fresco - Cencibel","isPartOf":{"@id":"https:\/\/www.cencibel.es\/blog\/#website"},"primaryImageOfPage":{"@id":"https:\/\/www.cencibel.es\/blog\/consejos-para-llevar-traje-y-mantenerte-fresco\/#primaryimage"},"image":{"@id":"https:\/\/www.cencibel.es\/blog\/consejos-para-llevar-traje-y-mantenerte-fresco\/#primaryimage"},"thumbnailUrl":"https:\/\/www.cencibel.es\/blog\/wp-content\/uploads\/2020\/04\/consejos-para-llevar-traje-y-mantenerte-fresco.jpg","datePublished":"2018-06-08T11:45:00+00:00","dateModified":"2020-04-09T11:40:58+00:00","breadcrumb":{"@id":"https:\/\/www.cencibel.es\/blog\/consejos-para-llevar-traje-y-mantenerte-fresco\/#breadcrumb"},"inLanguage":"es","potentialAction":[{"@type":"ReadAction","target":["https:\/\/www.cencibel.es\/blog\/consejos-para-llevar-traje-y-mantenerte-fresco\/"]}]},{"@type":"ImageObject","inLanguage":"es","@id":"https:\/\/www.cencibel.es\/blog\/consejos-para-llevar-traje-y-mantenerte-fresco\/#primaryimage","url":"https:\/\/www.cencibel.es\/blog\/wp-content\/uploads\/2020\/04\/consejos-para-llevar-traje-y-mantenerte-fresco.jpg","contentUrl":"https:\/\/www.cencibel.es\/blog\/wp-content\/uploads\/2020\/04\/consejos-para-llevar-traje-y-mantenerte-fresco.jpg","width":870,"height":870,"caption":"Consejos para llevar traje y mantenerte fresco"},{"@type":"BreadcrumbList","@id":"https:\/\/www.cencibel.es\/blog\/consejos-para-llevar-traje-y-mantenerte-fresco\/#breadcrumb","itemListElement":[{"@type":"ListItem","position":1,"name":"Portada","item":"https:\/\/www.cencibel.es\/blog\/"},{"@type":"ListItem","position":2,"name":"Consejos para llevar traje y mantenerte fresco"}]},{"@type":"WebSite","@id":"https:\/\/www.cencibel.es\/blog\/#website","url":"https:\/\/www.cencibel.es\/blog\/","name":"Cencibel","description":"Blog de moda masculina","publisher":{"@id":"https:\/\/www.cencibel.es\/blog\/#organization"},"potentialAction":[{"@type":"SearchAction","target":{"@type":"EntryPoint","urlTemplate":"https:\/\/www.cencibel.es\/blog\/?s={search_term_string}"},"query-input":{"@type":"PropertyValueSpecification","valueRequired":true,"valueName":"search_term_string"}}],"inLanguage":"es"},{"@type":"Organization","@id":"https:\/\/www.cencibel.es\/blog\/#organization","name":"CENCIBEL","url":"https:\/\/www.cencibel.es\/blog\/","logo":{"@type":"ImageObject","inLanguage":"es","@id":"https:\/\/www.cencibel.es\/blog\/#\/schema\/logo\/image\/","url":"https:\/\/www.cencibel.es\/blog\/wp-content\/uploads\/2020\/04\/logo-cencibel.png","contentUrl":"https:\/\/www.cencibel.es\/blog\/wp-content\/uploads\/2020\/04\/logo-cencibel.png","width":157,"height":129,"caption":"CENCIBEL"},"image":{"@id":"https:\/\/www.cencibel.es\/blog\/#\/schema\/logo\/image\/"},"sameAs":["https:\/\/www.facebook.com\/cencibel\/","https:\/\/x.com\/cencibelties"]},{"@type":"Person","@id":"https:\/\/www.cencibel.es\/blog\/#\/schema\/person\/8b2fc92ea0a3467fd6c2e3c2f7d100a2","name":"Cencibel","image":{"@type":"ImageObject","inLanguage":"es","@id":"https:\/\/www.cencibel.es\/blog\/#\/schema\/person\/image\/","url":"https:\/\/secure.gravatar.com\/avatar\/f18f4c495d7668060b70ea4d64213c64cb98fd0d06d267a1c1d8208bcb93f77b?s=96&d=mm&r=g","contentUrl":"https:\/\/secure.gravatar.com\/avatar\/f18f4c495d7668060b70ea4d64213c64cb98fd0d06d267a1c1d8208bcb93f77b?s=96&d=mm&r=g","caption":"Cencibel"},"sameAs":["https:\/\/www.cencibel.es"]}]}},"_links":{"self":[{"href":"https:\/\/www.cencibel.es\/blog\/wp-json\/wp\/v2\/posts\/20","targetHints":{"allow":["GET"]}}],"collection":[{"href":"https:\/\/www.cencibel.es\/blog\/wp-json\/wp\/v2\/posts"}],"about":[{"href":"https:\/\/www.cencibel.es\/blog\/wp-json\/wp\/v2\/types\/post"}],"author":[{"embeddable":true,"href":"https:\/\/www.cencibel.es\/blog\/wp-json\/wp\/v2\/users\/2"}],"replies":[{"embeddable":true,"href":"https:\/\/www.cencibel.es\/blog\/wp-json\/wp\/v2\/comments?post=20"}],"version-history":[{"count":2,"href":"https:\/\/www.cencibel.es\/blog\/wp-json\/wp\/v2\/posts\/20\/revisions"}],"predecessor-version":[{"id":23,"href":"https:\/\/www.cencibel.es\/blog\/wp-json\/wp\/v2\/posts\/20\/revisions\/23"}],"wp:featuredmedia":[{"embeddable":true,"href":"https:\/\/www.cencibel.es\/blog\/wp-json\/wp\/v2\/media\/21"}],"wp:attachment":[{"href":"https:\/\/www.cencibel.es\/blog\/wp-json\/wp\/v2\/media?parent=20"}],"wp:term":[{"taxonomy":"category","embeddable":true,"href":"https:\/\/www.cencibel.es\/blog\/wp-json\/wp\/v2\/categories?post=20"},{"taxonomy":"post_tag","embeddable":true,"href":"https:\/\/www.cencibel.es\/blog\/wp-json\/wp\/v2\/tags?post=20"}],"curies":[{"name":"wp","href":"https:\/\/api.w.org\/{rel}","templated":true}]}}