{"id":235,"date":"2019-12-06T10:47:00","date_gmt":"2019-12-06T09:47:00","guid":{"rendered":"http:\/\/www2.cencibel.es\/blog\/?p=235"},"modified":"2020-04-15T09:43:15","modified_gmt":"2020-04-15T07:43:15","slug":"que-complementos-llevar-en-las-fiestas-navidenas","status":"publish","type":"post","link":"https:\/\/www.cencibel.es\/blog\/que-complementos-llevar-en-las-fiestas-navidenas\/","title":{"rendered":"\u00bfQu\u00e9 complementos llevar en las fiestas navide\u00f1as?"},"content":{"rendered":"\n<p>La corbata transmite la personalidad de cada uno, el color en s\u00ed ya habla, si llevas estampados, si est\u00e1 bien puesta o m\u00e1s desenfadada\u2026 todo es comunicaci\u00f3n no verbal. A\u00fan as\u00ed, existen colores para cada ocasi\u00f3n y son un accesorio poderoso masculino.<\/p>\n\n\n\n<!--more-->\n\n\n\n<p>A continuaci\u00f3n os propondremos diferentes looks con complementos para saber c\u00f3mo usarlas en los eventos de las fiestas navide\u00f1as y as\u00ed poder lograr el impacto deseado.<\/p>\n\n\n\n<h2 class=\"wp-block-heading\"><strong>Complementos para combinar con corbatas<\/strong><\/h2>\n\n\n\n<p>El color de la corbata se recomienda que sea m\u00e1s intenso que la camisa, que se recomienda que sea lo m\u00e1s claro de todo el look porque es la prenda m\u00e1s cercana al cuerpo.<\/p>\n\n\n\n<h3 class=\"wp-block-heading\"><strong>Camisa<\/strong><\/h3>\n\n\n\n<p>Si la camisa fuera de rayas finas, la corbata podr\u00eda ser de franjas anchas, para as\u00ed contrastar. Y por el contrario, si la corbata tiene un estampado muy ancho o marcado, lo recomendable ser\u00eda la camisa lisa.<\/p>\n\n\n\n<h3 class=\"wp-block-heading\"><strong>Pa\u00f1uelo<\/strong><\/h3>\n\n\n\n<p>Si se combina con un pa\u00f1uelo en el traje, no tiene por qu\u00e9 ser del mismo estampado o color, simplemente con una ligera semejanza con el estampado o color. Si quieres atreverte m\u00e1s puedes cambiar el tejido de la corbata, poni\u00e9ndote una de seda o microfibra para romper o el pa\u00f1uelo puede ser de seda.<\/p>\n\n\n\n<h3 class=\"wp-block-heading\"><strong>Pulseras<\/strong><\/h3>\n\n\n\n<p>Experimenta con tus pulseras, que combinen con todo un poco. Por ejemplo una pulsera de cuero marr\u00f3n con un cintur\u00f3n m\u00e1s claro y la corbata parecida tambi\u00e9n.<\/p>\n\n\n\n<p>Los colores m\u00e1s t\u00edpicos de las pulseras son el marr\u00f3n, el negro, plateado, bronce o dorado para llevarlo pr\u00e1cticamente con todo.<\/p>\n\n\n\n<h2 class=\"wp-block-heading\"><strong>\u00bfC\u00f3mo combinar una corbata amarilla?<\/strong><\/h2>\n\n\n\n<h3 class=\"wp-block-heading\"><strong>Chaqueta gris oscura<\/strong><\/h3>\n\n\n\n<p>Una chaqueta gris oscura con una corbata amarilla es una de las m\u00e1s utilizadas en la actualidad, con una camisa azul celeste o blanca debajo y algunos detalles dentro de la corbata como finas rayas de un color amarillo un poco m\u00e1s oscuro o peque\u00f1os estampados del mismo color que resalten la combinaci\u00f3n.<\/p>\n\n\n\n<h3 class=\"wp-block-heading\"><strong>Traje negro a rayas<\/strong><\/h3>\n\n\n\n<p>El negro combina con todo, y como no, con una corbata amarilla para hacer resaltar el traje, y con una camisa blanca y un chaleco que tambi\u00e9n puede ser amarillo.<\/p>\n\n\n\n<h3 class=\"wp-block-heading\"><strong>Comprar corbatas online<\/strong><\/h3>\n\n\n\n<p>Hay muchas otras maneras para combinar una corbata amarilla, como con un traje gris claro, azul celeste o un blazer azul marino.<\/p>\n\n\n\n<p>Desde Cencibel te recomendamos llevar una<strong>&nbsp;<a href=\"https:\/\/www.cencibel.es\/corbata-amarilla\">corbata amarilla<\/a>&nbsp;<\/strong>para navidad, para darle un toque de felicidad, elegancia y distinci\u00f3n.<\/p>\n\n\n\n<p>\u00a1No te olvides visitar nuestra p\u00e1gina web para poder hacerte un look diferente y elegante para estas navidades!<\/p>\n\n<div class=\"kk-star-ratings\n     kksr-valign-bottom     kksr-align-left    \"\n    data-payload=\"{&quot;align&quot;:&quot;left&quot;,&quot;id&quot;:&quot;235&quot;,&quot;slug&quot;:&quot;default&quot;,&quot;valign&quot;:&quot;bottom&quot;,&quot;reference&quot;:&quot;auto&quot;,&quot;count&quot;:&quot;0&quot;,&quot;readonly&quot;:&quot;&quot;,&quot;score&quot;:&quot;0&quot;,&quot;best&quot;:&quot;5&quot;,&quot;gap&quot;:&quot;4&quot;,&quot;greet&quot;:&quot;Rate this post&quot;,&quot;legend&quot;:&quot;0\\\/5 - (0 votos)&quot;,&quot;size&quot;:&quot;24&quot;,&quot;width&quot;:&quot;0&quot;,&quot;_legend&quot;:&quot;{score}\\\/{best} - ({count} {votes})&quot;}\">\n    \n<div class=\"kksr-stars\">\n    \n<div class=\"kksr-stars-inactive\">\n            <div class=\"kksr-star\" data-star=\"1\" style=\"padding-right: 4px\">\n            \n\n<div class=\"kksr-icon\" style=\"width: 24px; height: 24px;\"><\/div>\n        <\/div>\n            <div class=\"kksr-star\" data-star=\"2\" style=\"padding-right: 4px\">\n            \n\n<div class=\"kksr-icon\" style=\"width: 24px; height: 24px;\"><\/div>\n        <\/div>\n            <div class=\"kksr-star\" data-star=\"3\" style=\"padding-right: 4px\">\n            \n\n<div class=\"kksr-icon\" style=\"width: 24px; height: 24px;\"><\/div>\n        <\/div>\n            <div class=\"kksr-star\" data-star=\"4\" style=\"padding-right: 4px\">\n            \n\n<div class=\"kksr-icon\" style=\"width: 24px; height: 24px;\"><\/div>\n        <\/div>\n            <div class=\"kksr-star\" data-star=\"5\" style=\"padding-right: 4px\">\n            \n\n<div class=\"kksr-icon\" style=\"width: 24px; height: 24px;\"><\/div>\n        <\/div>\n    <\/div>\n    \n<div class=\"kksr-stars-active\" style=\"width: 0px;\">\n            <div class=\"kksr-star\" style=\"padding-right: 4px\">\n            \n\n<div class=\"kksr-icon\" style=\"width: 24px; height: 24px;\"><\/div>\n        <\/div>\n            <div class=\"kksr-star\" style=\"padding-right: 4px\">\n            \n\n<div class=\"kksr-icon\" style=\"width: 24px; height: 24px;\"><\/div>\n        <\/div>\n            <div class=\"kksr-star\" style=\"padding-right: 4px\">\n            \n\n<div class=\"kksr-icon\" style=\"width: 24px; height: 24px;\"><\/div>\n        <\/div>\n            <div class=\"kksr-star\" style=\"padding-right: 4px\">\n            \n\n<div class=\"kksr-icon\" style=\"width: 24px; height: 24px;\"><\/div>\n        <\/div>\n            <div class=\"kksr-star\" style=\"padding-right: 4px\">\n            \n\n<div class=\"kksr-icon\" style=\"width: 24px; height: 24px;\"><\/div>\n        <\/div>\n    <\/div>\n<\/div>\n    \n<div class=\"kksr-legend\">\n            <span class=\"kksr-muted\">Rate this post<\/span>\n    <\/div>\n<\/div>\n","protected":false},"excerpt":{"rendered":"<p>La corbata transmite la personalidad de cada uno, el color en s\u00ed ya habla, si llevas estampados, si est\u00e1 bien puesta o m\u00e1s desenfadada\u2026 todo es comunicaci\u00f3n no verbal. A\u00fan as\u00ed, existen colores para cada ocasi\u00f3n y son un accesorio poderoso masculino.<\/p>\n","protected":false},"author":2,"featured_media":236,"comment_status":"open","ping_status":"open","sticky":false,"template":"","format":"standard","meta":{"_monsterinsights_skip_tracking":false,"_monsterinsights_sitenote_active":false,"_monsterinsights_sitenote_note":"","_monsterinsights_sitenote_category":0,"footnotes":""},"categories":[2],"tags":[],"class_list":["post-235","post","type-post","status-publish","format-standard","has-post-thumbnail","hentry","category-moda-masculina"],"yoast_head":"<!-- This site is optimized with the Yoast SEO plugin v25.3.1 - https:\/\/yoast.com\/wordpress\/plugins\/seo\/ -->\n<title>\u00bfQu\u00e9 complementos llevar en las fiestas navide\u00f1as? - Cencibel<\/title>\n<meta name=\"robots\" content=\"index, follow, max-snippet:-1, max-image-preview:large, max-video-preview:-1\" \/>\n<link rel=\"canonical\" href=\"https:\/\/www.cencibel.es\/blog\/que-complementos-llevar-en-las-fiestas-navidenas\/\" \/>\n<meta property=\"og:locale\" content=\"es_ES\" \/>\n<meta property=\"og:type\" content=\"article\" \/>\n<meta property=\"og:title\" content=\"\u00bfQu\u00e9 complementos llevar en las fiestas navide\u00f1as? - Cencibel\" \/>\n<meta property=\"og:description\" content=\"La corbata transmite la personalidad de cada uno, el color en s\u00ed ya habla, si llevas estampados, si est\u00e1 bien puesta o m\u00e1s desenfadada\u2026 todo es comunicaci\u00f3n no verbal. A\u00fan as\u00ed, existen colores para cada ocasi\u00f3n y son un accesorio poderoso masculino.\" \/>\n<meta property=\"og:url\" content=\"https:\/\/www.cencibel.es\/blog\/que-complementos-llevar-en-las-fiestas-navidenas\/\" \/>\n<meta property=\"og:site_name\" content=\"Cencibel\" \/>\n<meta property=\"article:publisher\" content=\"https:\/\/www.facebook.com\/cencibel\/\" \/>\n<meta property=\"article:published_time\" content=\"2019-12-06T09:47:00+00:00\" \/>\n<meta property=\"article:modified_time\" content=\"2020-04-15T07:43:15+00:00\" \/>\n<meta property=\"og:image\" content=\"https:\/\/www.cencibel.es\/blog\/wp-content\/uploads\/2020\/04\/que-complementos-llevar-en-las-fiestas-navidenas.jpg\" \/>\n\t<meta property=\"og:image:width\" content=\"1200\" \/>\n\t<meta property=\"og:image:height\" content=\"800\" \/>\n\t<meta property=\"og:image:type\" content=\"image\/jpeg\" \/>\n<meta name=\"author\" content=\"Cencibel\" \/>\n<meta name=\"twitter:card\" content=\"summary_large_image\" \/>\n<meta name=\"twitter:creator\" content=\"@cencibelties\" \/>\n<meta name=\"twitter:site\" content=\"@cencibelties\" \/>\n<meta name=\"twitter:label1\" content=\"Escrito por\" \/>\n\t<meta name=\"twitter:data1\" content=\"Cencibel\" \/>\n\t<meta name=\"twitter:label2\" content=\"Tiempo de lectura\" \/>\n\t<meta name=\"twitter:data2\" content=\"2 minutos\" \/>\n<script type=\"application\/ld+json\" class=\"yoast-schema-graph\">{\"@context\":\"https:\/\/schema.org\",\"@graph\":[{\"@type\":\"Article\",\"@id\":\"https:\/\/www.cencibel.es\/blog\/que-complementos-llevar-en-las-fiestas-navidenas\/#article\",\"isPartOf\":{\"@id\":\"https:\/\/www.cencibel.es\/blog\/que-complementos-llevar-en-las-fiestas-navidenas\/\"},\"author\":{\"name\":\"Cencibel\",\"@id\":\"https:\/\/www.cencibel.es\/blog\/#\/schema\/person\/8b2fc92ea0a3467fd6c2e3c2f7d100a2\"},\"headline\":\"\u00bfQu\u00e9 complementos llevar en las fiestas navide\u00f1as?\",\"datePublished\":\"2019-12-06T09:47:00+00:00\",\"dateModified\":\"2020-04-15T07:43:15+00:00\",\"mainEntityOfPage\":{\"@id\":\"https:\/\/www.cencibel.es\/blog\/que-complementos-llevar-en-las-fiestas-navidenas\/\"},\"wordCount\":450,\"commentCount\":0,\"publisher\":{\"@id\":\"https:\/\/www.cencibel.es\/blog\/#organization\"},\"image\":{\"@id\":\"https:\/\/www.cencibel.es\/blog\/que-complementos-llevar-en-las-fiestas-navidenas\/#primaryimage\"},\"thumbnailUrl\":\"https:\/\/www.cencibel.es\/blog\/wp-content\/uploads\/2020\/04\/que-complementos-llevar-en-las-fiestas-navidenas.jpg\",\"articleSection\":[\"Estilo\"],\"inLanguage\":\"es\",\"potentialAction\":[{\"@type\":\"CommentAction\",\"name\":\"Comment\",\"target\":[\"https:\/\/www.cencibel.es\/blog\/que-complementos-llevar-en-las-fiestas-navidenas\/#respond\"]}]},{\"@type\":\"WebPage\",\"@id\":\"https:\/\/www.cencibel.es\/blog\/que-complementos-llevar-en-las-fiestas-navidenas\/\",\"url\":\"https:\/\/www.cencibel.es\/blog\/que-complementos-llevar-en-las-fiestas-navidenas\/\",\"name\":\"\u00bfQu\u00e9 complementos llevar en las fiestas navide\u00f1as? - Cencibel\",\"isPartOf\":{\"@id\":\"https:\/\/www.cencibel.es\/blog\/#website\"},\"primaryImageOfPage\":{\"@id\":\"https:\/\/www.cencibel.es\/blog\/que-complementos-llevar-en-las-fiestas-navidenas\/#primaryimage\"},\"image\":{\"@id\":\"https:\/\/www.cencibel.es\/blog\/que-complementos-llevar-en-las-fiestas-navidenas\/#primaryimage\"},\"thumbnailUrl\":\"https:\/\/www.cencibel.es\/blog\/wp-content\/uploads\/2020\/04\/que-complementos-llevar-en-las-fiestas-navidenas.jpg\",\"datePublished\":\"2019-12-06T09:47:00+00:00\",\"dateModified\":\"2020-04-15T07:43:15+00:00\",\"breadcrumb\":{\"@id\":\"https:\/\/www.cencibel.es\/blog\/que-complementos-llevar-en-las-fiestas-navidenas\/#breadcrumb\"},\"inLanguage\":\"es\",\"potentialAction\":[{\"@type\":\"ReadAction\",\"target\":[\"https:\/\/www.cencibel.es\/blog\/que-complementos-llevar-en-las-fiestas-navidenas\/\"]}]},{\"@type\":\"ImageObject\",\"inLanguage\":\"es\",\"@id\":\"https:\/\/www.cencibel.es\/blog\/que-complementos-llevar-en-las-fiestas-navidenas\/#primaryimage\",\"url\":\"https:\/\/www.cencibel.es\/blog\/wp-content\/uploads\/2020\/04\/que-complementos-llevar-en-las-fiestas-navidenas.jpg\",\"contentUrl\":\"https:\/\/www.cencibel.es\/blog\/wp-content\/uploads\/2020\/04\/que-complementos-llevar-en-las-fiestas-navidenas.jpg\",\"width\":1200,\"height\":800,\"caption\":\"\u00bfQu\u00e9 complementos llevar en las fiestas navide\u00f1as?\"},{\"@type\":\"BreadcrumbList\",\"@id\":\"https:\/\/www.cencibel.es\/blog\/que-complementos-llevar-en-las-fiestas-navidenas\/#breadcrumb\",\"itemListElement\":[{\"@type\":\"ListItem\",\"position\":1,\"name\":\"Portada\",\"item\":\"https:\/\/www.cencibel.es\/blog\/\"},{\"@type\":\"ListItem\",\"position\":2,\"name\":\"\u00bfQu\u00e9 complementos llevar en las fiestas navide\u00f1as?\"}]},{\"@type\":\"WebSite\",\"@id\":\"https:\/\/www.cencibel.es\/blog\/#website\",\"url\":\"https:\/\/www.cencibel.es\/blog\/\",\"name\":\"Cencibel\",\"description\":\"Blog de moda masculina\",\"publisher\":{\"@id\":\"https:\/\/www.cencibel.es\/blog\/#organization\"},\"potentialAction\":[{\"@type\":\"SearchAction\",\"target\":{\"@type\":\"EntryPoint\",\"urlTemplate\":\"https:\/\/www.cencibel.es\/blog\/?s={search_term_string}\"},\"query-input\":{\"@type\":\"PropertyValueSpecification\",\"valueRequired\":true,\"valueName\":\"search_term_string\"}}],\"inLanguage\":\"es\"},{\"@type\":\"Organization\",\"@id\":\"https:\/\/www.cencibel.es\/blog\/#organization\",\"name\":\"CENCIBEL\",\"url\":\"https:\/\/www.cencibel.es\/blog\/\",\"logo\":{\"@type\":\"ImageObject\",\"inLanguage\":\"es\",\"@id\":\"https:\/\/www.cencibel.es\/blog\/#\/schema\/logo\/image\/\",\"url\":\"https:\/\/www.cencibel.es\/blog\/wp-content\/uploads\/2020\/04\/logo-cencibel.png\",\"contentUrl\":\"https:\/\/www.cencibel.es\/blog\/wp-content\/uploads\/2020\/04\/logo-cencibel.png\",\"width\":157,\"height\":129,\"caption\":\"CENCIBEL\"},\"image\":{\"@id\":\"https:\/\/www.cencibel.es\/blog\/#\/schema\/logo\/image\/\"},\"sameAs\":[\"https:\/\/www.facebook.com\/cencibel\/\",\"https:\/\/x.com\/cencibelties\"]},{\"@type\":\"Person\",\"@id\":\"https:\/\/www.cencibel.es\/blog\/#\/schema\/person\/8b2fc92ea0a3467fd6c2e3c2f7d100a2\",\"name\":\"Cencibel\",\"image\":{\"@type\":\"ImageObject\",\"inLanguage\":\"es\",\"@id\":\"https:\/\/www.cencibel.es\/blog\/#\/schema\/person\/image\/\",\"url\":\"https:\/\/secure.gravatar.com\/avatar\/f18f4c495d7668060b70ea4d64213c64cb98fd0d06d267a1c1d8208bcb93f77b?s=96&d=mm&r=g\",\"contentUrl\":\"https:\/\/secure.gravatar.com\/avatar\/f18f4c495d7668060b70ea4d64213c64cb98fd0d06d267a1c1d8208bcb93f77b?s=96&d=mm&r=g\",\"caption\":\"Cencibel\"},\"sameAs\":[\"https:\/\/www.cencibel.es\"]}]}<\/script>\n<!-- \/ Yoast SEO plugin. -->","yoast_head_json":{"title":"\u00bfQu\u00e9 complementos llevar en las fiestas navide\u00f1as? - Cencibel","robots":{"index":"index","follow":"follow","max-snippet":"max-snippet:-1","max-image-preview":"max-image-preview:large","max-video-preview":"max-video-preview:-1"},"canonical":"https:\/\/www.cencibel.es\/blog\/que-complementos-llevar-en-las-fiestas-navidenas\/","og_locale":"es_ES","og_type":"article","og_title":"\u00bfQu\u00e9 complementos llevar en las fiestas navide\u00f1as? - Cencibel","og_description":"La corbata transmite la personalidad de cada uno, el color en s\u00ed ya habla, si llevas estampados, si est\u00e1 bien puesta o m\u00e1s desenfadada\u2026 todo es comunicaci\u00f3n no verbal. A\u00fan as\u00ed, existen colores para cada ocasi\u00f3n y son un accesorio poderoso masculino.","og_url":"https:\/\/www.cencibel.es\/blog\/que-complementos-llevar-en-las-fiestas-navidenas\/","og_site_name":"Cencibel","article_publisher":"https:\/\/www.facebook.com\/cencibel\/","article_published_time":"2019-12-06T09:47:00+00:00","article_modified_time":"2020-04-15T07:43:15+00:00","og_image":[{"width":1200,"height":800,"url":"https:\/\/www.cencibel.es\/blog\/wp-content\/uploads\/2020\/04\/que-complementos-llevar-en-las-fiestas-navidenas.jpg","type":"image\/jpeg"}],"author":"Cencibel","twitter_card":"summary_large_image","twitter_creator":"@cencibelties","twitter_site":"@cencibelties","twitter_misc":{"Escrito por":"Cencibel","Tiempo de lectura":"2 minutos"},"schema":{"@context":"https:\/\/schema.org","@graph":[{"@type":"Article","@id":"https:\/\/www.cencibel.es\/blog\/que-complementos-llevar-en-las-fiestas-navidenas\/#article","isPartOf":{"@id":"https:\/\/www.cencibel.es\/blog\/que-complementos-llevar-en-las-fiestas-navidenas\/"},"author":{"name":"Cencibel","@id":"https:\/\/www.cencibel.es\/blog\/#\/schema\/person\/8b2fc92ea0a3467fd6c2e3c2f7d100a2"},"headline":"\u00bfQu\u00e9 complementos llevar en las fiestas navide\u00f1as?","datePublished":"2019-12-06T09:47:00+00:00","dateModified":"2020-04-15T07:43:15+00:00","mainEntityOfPage":{"@id":"https:\/\/www.cencibel.es\/blog\/que-complementos-llevar-en-las-fiestas-navidenas\/"},"wordCount":450,"commentCount":0,"publisher":{"@id":"https:\/\/www.cencibel.es\/blog\/#organization"},"image":{"@id":"https:\/\/www.cencibel.es\/blog\/que-complementos-llevar-en-las-fiestas-navidenas\/#primaryimage"},"thumbnailUrl":"https:\/\/www.cencibel.es\/blog\/wp-content\/uploads\/2020\/04\/que-complementos-llevar-en-las-fiestas-navidenas.jpg","articleSection":["Estilo"],"inLanguage":"es","potentialAction":[{"@type":"CommentAction","name":"Comment","target":["https:\/\/www.cencibel.es\/blog\/que-complementos-llevar-en-las-fiestas-navidenas\/#respond"]}]},{"@type":"WebPage","@id":"https:\/\/www.cencibel.es\/blog\/que-complementos-llevar-en-las-fiestas-navidenas\/","url":"https:\/\/www.cencibel.es\/blog\/que-complementos-llevar-en-las-fiestas-navidenas\/","name":"\u00bfQu\u00e9 complementos llevar en las fiestas navide\u00f1as? - Cencibel","isPartOf":{"@id":"https:\/\/www.cencibel.es\/blog\/#website"},"primaryImageOfPage":{"@id":"https:\/\/www.cencibel.es\/blog\/que-complementos-llevar-en-las-fiestas-navidenas\/#primaryimage"},"image":{"@id":"https:\/\/www.cencibel.es\/blog\/que-complementos-llevar-en-las-fiestas-navidenas\/#primaryimage"},"thumbnailUrl":"https:\/\/www.cencibel.es\/blog\/wp-content\/uploads\/2020\/04\/que-complementos-llevar-en-las-fiestas-navidenas.jpg","datePublished":"2019-12-06T09:47:00+00:00","dateModified":"2020-04-15T07:43:15+00:00","breadcrumb":{"@id":"https:\/\/www.cencibel.es\/blog\/que-complementos-llevar-en-las-fiestas-navidenas\/#breadcrumb"},"inLanguage":"es","potentialAction":[{"@type":"ReadAction","target":["https:\/\/www.cencibel.es\/blog\/que-complementos-llevar-en-las-fiestas-navidenas\/"]}]},{"@type":"ImageObject","inLanguage":"es","@id":"https:\/\/www.cencibel.es\/blog\/que-complementos-llevar-en-las-fiestas-navidenas\/#primaryimage","url":"https:\/\/www.cencibel.es\/blog\/wp-content\/uploads\/2020\/04\/que-complementos-llevar-en-las-fiestas-navidenas.jpg","contentUrl":"https:\/\/www.cencibel.es\/blog\/wp-content\/uploads\/2020\/04\/que-complementos-llevar-en-las-fiestas-navidenas.jpg","width":1200,"height":800,"caption":"\u00bfQu\u00e9 complementos llevar en las fiestas navide\u00f1as?"},{"@type":"BreadcrumbList","@id":"https:\/\/www.cencibel.es\/blog\/que-complementos-llevar-en-las-fiestas-navidenas\/#breadcrumb","itemListElement":[{"@type":"ListItem","position":1,"name":"Portada","item":"https:\/\/www.cencibel.es\/blog\/"},{"@type":"ListItem","position":2,"name":"\u00bfQu\u00e9 complementos llevar en las fiestas navide\u00f1as?"}]},{"@type":"WebSite","@id":"https:\/\/www.cencibel.es\/blog\/#website","url":"https:\/\/www.cencibel.es\/blog\/","name":"Cencibel","description":"Blog de moda masculina","publisher":{"@id":"https:\/\/www.cencibel.es\/blog\/#organization"},"potentialAction":[{"@type":"SearchAction","target":{"@type":"EntryPoint","urlTemplate":"https:\/\/www.cencibel.es\/blog\/?s={search_term_string}"},"query-input":{"@type":"PropertyValueSpecification","valueRequired":true,"valueName":"search_term_string"}}],"inLanguage":"es"},{"@type":"Organization","@id":"https:\/\/www.cencibel.es\/blog\/#organization","name":"CENCIBEL","url":"https:\/\/www.cencibel.es\/blog\/","logo":{"@type":"ImageObject","inLanguage":"es","@id":"https:\/\/www.cencibel.es\/blog\/#\/schema\/logo\/image\/","url":"https:\/\/www.cencibel.es\/blog\/wp-content\/uploads\/2020\/04\/logo-cencibel.png","contentUrl":"https:\/\/www.cencibel.es\/blog\/wp-content\/uploads\/2020\/04\/logo-cencibel.png","width":157,"height":129,"caption":"CENCIBEL"},"image":{"@id":"https:\/\/www.cencibel.es\/blog\/#\/schema\/logo\/image\/"},"sameAs":["https:\/\/www.facebook.com\/cencibel\/","https:\/\/x.com\/cencibelties"]},{"@type":"Person","@id":"https:\/\/www.cencibel.es\/blog\/#\/schema\/person\/8b2fc92ea0a3467fd6c2e3c2f7d100a2","name":"Cencibel","image":{"@type":"ImageObject","inLanguage":"es","@id":"https:\/\/www.cencibel.es\/blog\/#\/schema\/person\/image\/","url":"https:\/\/secure.gravatar.com\/avatar\/f18f4c495d7668060b70ea4d64213c64cb98fd0d06d267a1c1d8208bcb93f77b?s=96&d=mm&r=g","contentUrl":"https:\/\/secure.gravatar.com\/avatar\/f18f4c495d7668060b70ea4d64213c64cb98fd0d06d267a1c1d8208bcb93f77b?s=96&d=mm&r=g","caption":"Cencibel"},"sameAs":["https:\/\/www.cencibel.es"]}]}},"_links":{"self":[{"href":"https:\/\/www.cencibel.es\/blog\/wp-json\/wp\/v2\/posts\/235","targetHints":{"allow":["GET"]}}],"collection":[{"href":"https:\/\/www.cencibel.es\/blog\/wp-json\/wp\/v2\/posts"}],"about":[{"href":"https:\/\/www.cencibel.es\/blog\/wp-json\/wp\/v2\/types\/post"}],"author":[{"embeddable":true,"href":"https:\/\/www.cencibel.es\/blog\/wp-json\/wp\/v2\/users\/2"}],"replies":[{"embeddable":true,"href":"https:\/\/www.cencibel.es\/blog\/wp-json\/wp\/v2\/comments?post=235"}],"version-history":[{"count":2,"href":"https:\/\/www.cencibel.es\/blog\/wp-json\/wp\/v2\/posts\/235\/revisions"}],"predecessor-version":[{"id":295,"href":"https:\/\/www.cencibel.es\/blog\/wp-json\/wp\/v2\/posts\/235\/revisions\/295"}],"wp:featuredmedia":[{"embeddable":true,"href":"https:\/\/www.cencibel.es\/blog\/wp-json\/wp\/v2\/media\/236"}],"wp:attachment":[{"href":"https:\/\/www.cencibel.es\/blog\/wp-json\/wp\/v2\/media?parent=235"}],"wp:term":[{"taxonomy":"category","embeddable":true,"href":"https:\/\/www.cencibel.es\/blog\/wp-json\/wp\/v2\/categories?post=235"},{"taxonomy":"post_tag","embeddable":true,"href":"https:\/\/www.cencibel.es\/blog\/wp-json\/wp\/v2\/tags?post=235"}],"curies":[{"name":"wp","href":"https:\/\/api.w.org\/{rel}","templated":true}]}}