{"id":55,"date":"2018-09-21T10:16:00","date_gmt":"2018-09-21T08:16:00","guid":{"rendered":"http:\/\/www2.cencibel.es\/blog\/?p=55"},"modified":"2022-07-22T16:54:57","modified_gmt":"2022-07-22T14:54:57","slug":"cuando-se-debe-usar-la-corbata-estrecha","status":"publish","type":"post","link":"https:\/\/www.cencibel.es\/blog\/cuando-se-debe-usar-la-corbata-estrecha\/","title":{"rendered":"\u00bfCu\u00e1ndo se debe usar la corbata estrecha?"},"content":{"rendered":"\n<p>La corbata es un complemento del traje de vestir que lo vemos a diario en miles de atuendos, con colores, estampados, texturas y tama\u00f1os diferentes. En este art\u00edculo de hoy hablaremos sobre el tama\u00f1o de la corbata para hombre.<\/p>\n\n\n\n<p>A lo largo de este art\u00edculo te daremos algunas recomendaciones, consejos y c\u00f3digo de uso de la corbata para hombre para que ya no cometas ning\u00fan el error en el uso de la corbata estrecha.<\/p>\n\n\n\n<h2 class=\"wp-block-heading\"><strong>Las ilusiones \u00f3pticas de la corbata<\/strong><\/h2>\n\n\n\n<p>Antes de nada, deber\u00e1s tener siempre presente unas normas b\u00e1sicas para lucir corbatas, conocidas por todo hombre amante de la moda masculina.<\/p>\n\n\n\n<p>Seg\u00fan el tipo de prenda que vistas, tu silueta se ver\u00e1 de una forma u otra. Cuando usas camisas o pantalones de rayas verticales, estas prendas te provocar\u00e1n un efecto que hace que luzcas m\u00e1s alto y a la vez, m\u00e1s delgado. En cambio, cuando las rayas son horizontales provocan el efecto contrario, tu silueta parece m\u00e1s voluminosa y tu estatura m\u00e1s corta.<\/p>\n\n\n\n<p>Dicho esto, ya te estar\u00e1s imaginando que la primera regla de oro es llevar el ancho de corbata adecuado, por ejemplo,si llevas una corbata ancha, de m\u00e1s de 7 cm, lucir\u00e1s m\u00e1s lleno y m\u00e1s bajo.<\/p>\n\n\n\n<p>Aunque se trate de una una simple ilusi\u00f3n \u00f3ptica \u00e9sta puede delimitar tu estilo y no siempre de manera positiva. Con esto, no estamos cerrando la posibilidad de llevar corbatas anchas, sino que que deber\u00e1s elegir bien el momento y la ocasi\u00f3n.<\/p>\n\n\n\n<h2 class=\"wp-block-heading\"><strong>Llevar corbatas seg\u00fan el ancho<\/strong><\/h2>\n\n\n\n<p>Corbatas angostas. Miden hasta 6 cm de ancho, las puedes tener en cuenta para ocasiones casuales como son ir al trabajo o alguna cena con amigos, pero nunca en eventos formales.<\/p>\n\n\n\n<p><br>Por otro lado, como hemos dicho anteriormente, puedes optar por la corbata delgada si eres de baja estatura o delgado ya que, adem\u00e1s de aumentar estatura, ayudar\u00e1 a marcar los hombros.<\/p>\n\n\n\n<p><strong>Corbatas est\u00e1ndar.<\/strong>&nbsp;Estas son las que m\u00e1s se llevan y las que os encontrar\u00e9is en la mayor\u00eda de<strong>&nbsp;<a href=\"https:\/\/www.cencibel.es\/corbatas\">tiendas de complementos de vestir<\/a><\/strong>. La anchura de la corbata es de unos 7 cm y combinan con la mayor\u00eda de estilos de traje. Son ideales para eventos importantes o de car\u00e1cter formal.<\/p>\n\n\n\n<p><strong>Corbatas anchas.<\/strong>&nbsp;Esta corbata para hombre debe ser usada con entendimiento. Ante la duda, nunca optes por esta. El ancho de la corbata mide entre 8 y 10 cm, por lo que si tienes una estatura voluminosa este tipo te va a quedar de maravilla. En cambio, si eres delgado lo que conseguir\u00e1s es generar una percepci\u00f3n de estilo descuidado, enredado y arcaico.<\/p>\n\n\n\n<h2 class=\"wp-block-heading\"><strong>C\u00f3digo del vestir: la corbata estrecha<\/strong><\/h2>\n\n\n\n<p>Como puedes ver, elegir la corbata perfecta depende de varios factores, pero uno de los m\u00e1s relevantes es el tama\u00f1o. As\u00ed que, para usar corbata estrecha deber\u00e1s fijarte antes en tu estatura y la que quieres conseguir.<\/p>\n\n\n\n<p>Sin embargo, hay m\u00e1s caracter\u00edsticas de vestir sobre la corbata que debemos tomar en cuenta para conseguir la combinaci\u00f3n perfecta. Y para completar tu irresistible atuendo sabiendo c\u00f3mo elegir tu corbata para hombres, tan solo debes presta atenci\u00f3n a lo que te comentaremos a continuaci\u00f3n:<\/p>\n\n\n\n<p><strong>Material y tela.<\/strong>&nbsp;Es muy probable que sepas que el material de la elegancia por excelencia es la seda. Por esto, si vas a ir a un evento importante tu corbata para hombre ideal es una de seda. Si bien este es el tipo de tela es el m\u00e1s adecuado, no descartamos otros como el algod\u00f3n.<\/p>\n\n\n\n<p><strong>Colores y estampados.<\/strong>&nbsp;El c\u00f3digo de color se debe respetar para conseguir un buen estilo. Hace unos d\u00edas os d\u00e1bamos consejos para combinar corbata y pa\u00f1uelo. Os recordamos que el color de la corbata para hombre deber\u00e1 ir acorde al color de la americana, nunca debe combinar con el pa\u00f1uelo o la camisa lisa. Una corbata monocolor azul marino ser\u00eda ideal para una ocasi\u00f3n formal y, por ejemplo, una corbata de rayas no estar\u00eda mal estilizar tu figura.<\/p>\n\n\n\n<p><strong>Tipos de nudos.<\/strong>\u00a0No podemos usar una corbata si no sabemos hacer el nudo. Por esto, en su momento, os explicamos:\u00a0<a href=\"https:\/\/www.cencibel.es\/blog\/category\/moda-masculina\/\"><strong>\u00bfC\u00f3mo hacerse el nudo de la corbata?<\/strong>\u00a0<\/a>Como ver\u00e9is, existen diferentes tipos de nudos pero os recomendamos el Windsor, un nudo simple, elegante y f\u00e1cil de conseguir. Tanto si eliges una corbata est\u00e1ndar como una estrecha, te quedar\u00e1 de maravilla alrededor del cuello de la camisa.<\/p>\n\n\n\n<p>La corbata es un accesorio obligatorio para el guardarropa de cualquier hombre que aprecie la elegancia. Sin embargo, debemos evitar caer en el error de lucirla en eventos formales, pues es un estilo m\u00e1s casual.<\/p>\n\n\n\n<p>Y recuerda, que en la tienda de Cencibel puedes&nbsp;<a href=\"https:\/\/www.cencibel.es\/corbatas\"><strong>comprar corbatas<\/strong><\/a>&nbsp;estrechas, est\u00e1ndar o anchas en tus colores, telas y estampados favoritos.<\/p>\n\n<div class=\"kk-star-ratings\n     kksr-valign-bottom     kksr-align-left    \"\n    data-payload=\"{&quot;align&quot;:&quot;left&quot;,&quot;id&quot;:&quot;55&quot;,&quot;slug&quot;:&quot;default&quot;,&quot;valign&quot;:&quot;bottom&quot;,&quot;reference&quot;:&quot;auto&quot;,&quot;count&quot;:&quot;109&quot;,&quot;readonly&quot;:&quot;&quot;,&quot;score&quot;:&quot;4.3&quot;,&quot;best&quot;:&quot;5&quot;,&quot;gap&quot;:&quot;4&quot;,&quot;greet&quot;:&quot;Rate this post&quot;,&quot;legend&quot;:&quot;4.3\\\/5 - (109 votos)&quot;,&quot;size&quot;:&quot;24&quot;,&quot;width&quot;:&quot;118.4&quot;,&quot;_legend&quot;:&quot;{score}\\\/{best} - ({count} {votes})&quot;}\">\n    \n<div class=\"kksr-stars\">\n    \n<div class=\"kksr-stars-inactive\">\n            <div class=\"kksr-star\" data-star=\"1\" style=\"padding-right: 4px\">\n            \n\n<div class=\"kksr-icon\" style=\"width: 24px; height: 24px;\"><\/div>\n        <\/div>\n            <div class=\"kksr-star\" data-star=\"2\" style=\"padding-right: 4px\">\n            \n\n<div class=\"kksr-icon\" style=\"width: 24px; height: 24px;\"><\/div>\n        <\/div>\n            <div class=\"kksr-star\" data-star=\"3\" style=\"padding-right: 4px\">\n            \n\n<div class=\"kksr-icon\" style=\"width: 24px; height: 24px;\"><\/div>\n        <\/div>\n            <div class=\"kksr-star\" data-star=\"4\" style=\"padding-right: 4px\">\n            \n\n<div class=\"kksr-icon\" style=\"width: 24px; height: 24px;\"><\/div>\n        <\/div>\n            <div class=\"kksr-star\" data-star=\"5\" style=\"padding-right: 4px\">\n            \n\n<div class=\"kksr-icon\" style=\"width: 24px; height: 24px;\"><\/div>\n        <\/div>\n    <\/div>\n    \n<div class=\"kksr-stars-active\" style=\"width: 118.4px;\">\n            <div class=\"kksr-star\" style=\"padding-right: 4px\">\n            \n\n<div class=\"kksr-icon\" style=\"width: 24px; height: 24px;\"><\/div>\n        <\/div>\n            <div class=\"kksr-star\" style=\"padding-right: 4px\">\n            \n\n<div class=\"kksr-icon\" style=\"width: 24px; height: 24px;\"><\/div>\n        <\/div>\n            <div class=\"kksr-star\" style=\"padding-right: 4px\">\n            \n\n<div class=\"kksr-icon\" style=\"width: 24px; height: 24px;\"><\/div>\n        <\/div>\n            <div class=\"kksr-star\" style=\"padding-right: 4px\">\n            \n\n<div class=\"kksr-icon\" style=\"width: 24px; height: 24px;\"><\/div>\n        <\/div>\n            <div class=\"kksr-star\" style=\"padding-right: 4px\">\n            \n\n<div class=\"kksr-icon\" style=\"width: 24px; height: 24px;\"><\/div>\n        <\/div>\n    <\/div>\n<\/div>\n    \n<div class=\"kksr-legend\">\n            4.3\/5 - (109 votos)    <\/div>\n<\/div>\n","protected":false},"excerpt":{"rendered":"<p>La corbata es un complemento del traje de vestir que lo vemos a diario en miles de atuendos, con colores, estampados, texturas y tama\u00f1os diferentes. En este art\u00edculo de hoy hablaremos sobre el tama\u00f1o de la corbata para hombre.<\/p>\n","protected":false},"author":2,"featured_media":56,"comment_status":"open","ping_status":"open","sticky":false,"template":"","format":"standard","meta":{"_monsterinsights_skip_tracking":false,"_monsterinsights_sitenote_active":false,"_monsterinsights_sitenote_note":"","_monsterinsights_sitenote_category":0,"footnotes":""},"categories":[2],"tags":[],"class_list":["post-55","post","type-post","status-publish","format-standard","has-post-thumbnail","hentry","category-moda-masculina"],"yoast_head":"<!-- This site is optimized with the Yoast SEO plugin v25.3.1 - https:\/\/yoast.com\/wordpress\/plugins\/seo\/ -->\n<title>\u00bfCu\u00e1ndo se debe usar la corbata estrecha? - Cencibel<\/title>\n<meta name=\"robots\" content=\"index, follow, max-snippet:-1, max-image-preview:large, max-video-preview:-1\" \/>\n<link rel=\"canonical\" href=\"https:\/\/www.cencibel.es\/blog\/cuando-se-debe-usar-la-corbata-estrecha\/\" \/>\n<meta property=\"og:locale\" content=\"es_ES\" \/>\n<meta property=\"og:type\" content=\"article\" \/>\n<meta property=\"og:title\" content=\"\u00bfCu\u00e1ndo se debe usar la corbata estrecha? - Cencibel\" \/>\n<meta property=\"og:description\" content=\"La corbata es un complemento del traje de vestir que lo vemos a diario en miles de atuendos, con colores, estampados, texturas y tama\u00f1os diferentes. En este art\u00edculo de hoy hablaremos sobre el tama\u00f1o de la corbata para hombre.\" \/>\n<meta property=\"og:url\" content=\"https:\/\/www.cencibel.es\/blog\/cuando-se-debe-usar-la-corbata-estrecha\/\" \/>\n<meta property=\"og:site_name\" content=\"Cencibel\" \/>\n<meta property=\"article:publisher\" content=\"https:\/\/www.facebook.com\/cencibel\/\" \/>\n<meta property=\"article:published_time\" content=\"2018-09-21T08:16:00+00:00\" \/>\n<meta property=\"article:modified_time\" content=\"2022-07-22T14:54:57+00:00\" \/>\n<meta property=\"og:image\" content=\"https:\/\/www.cencibel.es\/blog\/wp-content\/uploads\/2020\/04\/cuando-se-debe-usar-la-corbata-estrecha.jpg\" \/>\n\t<meta property=\"og:image:width\" content=\"1920\" \/>\n\t<meta property=\"og:image:height\" content=\"1080\" \/>\n\t<meta property=\"og:image:type\" content=\"image\/jpeg\" \/>\n<meta name=\"author\" content=\"Cencibel\" \/>\n<meta name=\"twitter:card\" content=\"summary_large_image\" \/>\n<meta name=\"twitter:creator\" content=\"@cencibelties\" \/>\n<meta name=\"twitter:site\" content=\"@cencibelties\" \/>\n<meta name=\"twitter:label1\" content=\"Escrito por\" \/>\n\t<meta name=\"twitter:data1\" content=\"Cencibel\" \/>\n\t<meta name=\"twitter:label2\" content=\"Tiempo de lectura\" \/>\n\t<meta name=\"twitter:data2\" content=\"4 minutos\" \/>\n<script type=\"application\/ld+json\" class=\"yoast-schema-graph\">{\"@context\":\"https:\/\/schema.org\",\"@graph\":[{\"@type\":\"Article\",\"@id\":\"https:\/\/www.cencibel.es\/blog\/cuando-se-debe-usar-la-corbata-estrecha\/#article\",\"isPartOf\":{\"@id\":\"https:\/\/www.cencibel.es\/blog\/cuando-se-debe-usar-la-corbata-estrecha\/\"},\"author\":{\"name\":\"Cencibel\",\"@id\":\"https:\/\/www.cencibel.es\/blog\/#\/schema\/person\/8b2fc92ea0a3467fd6c2e3c2f7d100a2\"},\"headline\":\"\u00bfCu\u00e1ndo se debe usar la corbata estrecha?\",\"datePublished\":\"2018-09-21T08:16:00+00:00\",\"dateModified\":\"2022-07-22T14:54:57+00:00\",\"mainEntityOfPage\":{\"@id\":\"https:\/\/www.cencibel.es\/blog\/cuando-se-debe-usar-la-corbata-estrecha\/\"},\"wordCount\":839,\"commentCount\":1,\"publisher\":{\"@id\":\"https:\/\/www.cencibel.es\/blog\/#organization\"},\"image\":{\"@id\":\"https:\/\/www.cencibel.es\/blog\/cuando-se-debe-usar-la-corbata-estrecha\/#primaryimage\"},\"thumbnailUrl\":\"https:\/\/www.cencibel.es\/blog\/wp-content\/uploads\/2020\/04\/cuando-se-debe-usar-la-corbata-estrecha.jpg\",\"articleSection\":[\"Estilo\"],\"inLanguage\":\"es\",\"potentialAction\":[{\"@type\":\"CommentAction\",\"name\":\"Comment\",\"target\":[\"https:\/\/www.cencibel.es\/blog\/cuando-se-debe-usar-la-corbata-estrecha\/#respond\"]}]},{\"@type\":\"WebPage\",\"@id\":\"https:\/\/www.cencibel.es\/blog\/cuando-se-debe-usar-la-corbata-estrecha\/\",\"url\":\"https:\/\/www.cencibel.es\/blog\/cuando-se-debe-usar-la-corbata-estrecha\/\",\"name\":\"\u00bfCu\u00e1ndo se debe usar la corbata estrecha? - Cencibel\",\"isPartOf\":{\"@id\":\"https:\/\/www.cencibel.es\/blog\/#website\"},\"primaryImageOfPage\":{\"@id\":\"https:\/\/www.cencibel.es\/blog\/cuando-se-debe-usar-la-corbata-estrecha\/#primaryimage\"},\"image\":{\"@id\":\"https:\/\/www.cencibel.es\/blog\/cuando-se-debe-usar-la-corbata-estrecha\/#primaryimage\"},\"thumbnailUrl\":\"https:\/\/www.cencibel.es\/blog\/wp-content\/uploads\/2020\/04\/cuando-se-debe-usar-la-corbata-estrecha.jpg\",\"datePublished\":\"2018-09-21T08:16:00+00:00\",\"dateModified\":\"2022-07-22T14:54:57+00:00\",\"breadcrumb\":{\"@id\":\"https:\/\/www.cencibel.es\/blog\/cuando-se-debe-usar-la-corbata-estrecha\/#breadcrumb\"},\"inLanguage\":\"es\",\"potentialAction\":[{\"@type\":\"ReadAction\",\"target\":[\"https:\/\/www.cencibel.es\/blog\/cuando-se-debe-usar-la-corbata-estrecha\/\"]}]},{\"@type\":\"ImageObject\",\"inLanguage\":\"es\",\"@id\":\"https:\/\/www.cencibel.es\/blog\/cuando-se-debe-usar-la-corbata-estrecha\/#primaryimage\",\"url\":\"https:\/\/www.cencibel.es\/blog\/wp-content\/uploads\/2020\/04\/cuando-se-debe-usar-la-corbata-estrecha.jpg\",\"contentUrl\":\"https:\/\/www.cencibel.es\/blog\/wp-content\/uploads\/2020\/04\/cuando-se-debe-usar-la-corbata-estrecha.jpg\",\"width\":1920,\"height\":1080,\"caption\":\"\u00bfCu\u00e1ndo se debe usar la corbata estrecha?\"},{\"@type\":\"BreadcrumbList\",\"@id\":\"https:\/\/www.cencibel.es\/blog\/cuando-se-debe-usar-la-corbata-estrecha\/#breadcrumb\",\"itemListElement\":[{\"@type\":\"ListItem\",\"position\":1,\"name\":\"Portada\",\"item\":\"https:\/\/www.cencibel.es\/blog\/\"},{\"@type\":\"ListItem\",\"position\":2,\"name\":\"\u00bfCu\u00e1ndo se debe usar la corbata estrecha?\"}]},{\"@type\":\"WebSite\",\"@id\":\"https:\/\/www.cencibel.es\/blog\/#website\",\"url\":\"https:\/\/www.cencibel.es\/blog\/\",\"name\":\"Cencibel\",\"description\":\"Blog de moda masculina\",\"publisher\":{\"@id\":\"https:\/\/www.cencibel.es\/blog\/#organization\"},\"potentialAction\":[{\"@type\":\"SearchAction\",\"target\":{\"@type\":\"EntryPoint\",\"urlTemplate\":\"https:\/\/www.cencibel.es\/blog\/?s={search_term_string}\"},\"query-input\":{\"@type\":\"PropertyValueSpecification\",\"valueRequired\":true,\"valueName\":\"search_term_string\"}}],\"inLanguage\":\"es\"},{\"@type\":\"Organization\",\"@id\":\"https:\/\/www.cencibel.es\/blog\/#organization\",\"name\":\"CENCIBEL\",\"url\":\"https:\/\/www.cencibel.es\/blog\/\",\"logo\":{\"@type\":\"ImageObject\",\"inLanguage\":\"es\",\"@id\":\"https:\/\/www.cencibel.es\/blog\/#\/schema\/logo\/image\/\",\"url\":\"https:\/\/www.cencibel.es\/blog\/wp-content\/uploads\/2020\/04\/logo-cencibel.png\",\"contentUrl\":\"https:\/\/www.cencibel.es\/blog\/wp-content\/uploads\/2020\/04\/logo-cencibel.png\",\"width\":157,\"height\":129,\"caption\":\"CENCIBEL\"},\"image\":{\"@id\":\"https:\/\/www.cencibel.es\/blog\/#\/schema\/logo\/image\/\"},\"sameAs\":[\"https:\/\/www.facebook.com\/cencibel\/\",\"https:\/\/x.com\/cencibelties\"]},{\"@type\":\"Person\",\"@id\":\"https:\/\/www.cencibel.es\/blog\/#\/schema\/person\/8b2fc92ea0a3467fd6c2e3c2f7d100a2\",\"name\":\"Cencibel\",\"image\":{\"@type\":\"ImageObject\",\"inLanguage\":\"es\",\"@id\":\"https:\/\/www.cencibel.es\/blog\/#\/schema\/person\/image\/\",\"url\":\"https:\/\/secure.gravatar.com\/avatar\/f18f4c495d7668060b70ea4d64213c64cb98fd0d06d267a1c1d8208bcb93f77b?s=96&d=mm&r=g\",\"contentUrl\":\"https:\/\/secure.gravatar.com\/avatar\/f18f4c495d7668060b70ea4d64213c64cb98fd0d06d267a1c1d8208bcb93f77b?s=96&d=mm&r=g\",\"caption\":\"Cencibel\"},\"sameAs\":[\"https:\/\/www.cencibel.es\"]}]}<\/script>\n<!-- \/ Yoast SEO plugin. -->","yoast_head_json":{"title":"\u00bfCu\u00e1ndo se debe usar la corbata estrecha? - Cencibel","robots":{"index":"index","follow":"follow","max-snippet":"max-snippet:-1","max-image-preview":"max-image-preview:large","max-video-preview":"max-video-preview:-1"},"canonical":"https:\/\/www.cencibel.es\/blog\/cuando-se-debe-usar-la-corbata-estrecha\/","og_locale":"es_ES","og_type":"article","og_title":"\u00bfCu\u00e1ndo se debe usar la corbata estrecha? - Cencibel","og_description":"La corbata es un complemento del traje de vestir que lo vemos a diario en miles de atuendos, con colores, estampados, texturas y tama\u00f1os diferentes. En este art\u00edculo de hoy hablaremos sobre el tama\u00f1o de la corbata para hombre.","og_url":"https:\/\/www.cencibel.es\/blog\/cuando-se-debe-usar-la-corbata-estrecha\/","og_site_name":"Cencibel","article_publisher":"https:\/\/www.facebook.com\/cencibel\/","article_published_time":"2018-09-21T08:16:00+00:00","article_modified_time":"2022-07-22T14:54:57+00:00","og_image":[{"width":1920,"height":1080,"url":"https:\/\/www.cencibel.es\/blog\/wp-content\/uploads\/2020\/04\/cuando-se-debe-usar-la-corbata-estrecha.jpg","type":"image\/jpeg"}],"author":"Cencibel","twitter_card":"summary_large_image","twitter_creator":"@cencibelties","twitter_site":"@cencibelties","twitter_misc":{"Escrito por":"Cencibel","Tiempo de lectura":"4 minutos"},"schema":{"@context":"https:\/\/schema.org","@graph":[{"@type":"Article","@id":"https:\/\/www.cencibel.es\/blog\/cuando-se-debe-usar-la-corbata-estrecha\/#article","isPartOf":{"@id":"https:\/\/www.cencibel.es\/blog\/cuando-se-debe-usar-la-corbata-estrecha\/"},"author":{"name":"Cencibel","@id":"https:\/\/www.cencibel.es\/blog\/#\/schema\/person\/8b2fc92ea0a3467fd6c2e3c2f7d100a2"},"headline":"\u00bfCu\u00e1ndo se debe usar la corbata estrecha?","datePublished":"2018-09-21T08:16:00+00:00","dateModified":"2022-07-22T14:54:57+00:00","mainEntityOfPage":{"@id":"https:\/\/www.cencibel.es\/blog\/cuando-se-debe-usar-la-corbata-estrecha\/"},"wordCount":839,"commentCount":1,"publisher":{"@id":"https:\/\/www.cencibel.es\/blog\/#organization"},"image":{"@id":"https:\/\/www.cencibel.es\/blog\/cuando-se-debe-usar-la-corbata-estrecha\/#primaryimage"},"thumbnailUrl":"https:\/\/www.cencibel.es\/blog\/wp-content\/uploads\/2020\/04\/cuando-se-debe-usar-la-corbata-estrecha.jpg","articleSection":["Estilo"],"inLanguage":"es","potentialAction":[{"@type":"CommentAction","name":"Comment","target":["https:\/\/www.cencibel.es\/blog\/cuando-se-debe-usar-la-corbata-estrecha\/#respond"]}]},{"@type":"WebPage","@id":"https:\/\/www.cencibel.es\/blog\/cuando-se-debe-usar-la-corbata-estrecha\/","url":"https:\/\/www.cencibel.es\/blog\/cuando-se-debe-usar-la-corbata-estrecha\/","name":"\u00bfCu\u00e1ndo se debe usar la corbata estrecha? - Cencibel","isPartOf":{"@id":"https:\/\/www.cencibel.es\/blog\/#website"},"primaryImageOfPage":{"@id":"https:\/\/www.cencibel.es\/blog\/cuando-se-debe-usar-la-corbata-estrecha\/#primaryimage"},"image":{"@id":"https:\/\/www.cencibel.es\/blog\/cuando-se-debe-usar-la-corbata-estrecha\/#primaryimage"},"thumbnailUrl":"https:\/\/www.cencibel.es\/blog\/wp-content\/uploads\/2020\/04\/cuando-se-debe-usar-la-corbata-estrecha.jpg","datePublished":"2018-09-21T08:16:00+00:00","dateModified":"2022-07-22T14:54:57+00:00","breadcrumb":{"@id":"https:\/\/www.cencibel.es\/blog\/cuando-se-debe-usar-la-corbata-estrecha\/#breadcrumb"},"inLanguage":"es","potentialAction":[{"@type":"ReadAction","target":["https:\/\/www.cencibel.es\/blog\/cuando-se-debe-usar-la-corbata-estrecha\/"]}]},{"@type":"ImageObject","inLanguage":"es","@id":"https:\/\/www.cencibel.es\/blog\/cuando-se-debe-usar-la-corbata-estrecha\/#primaryimage","url":"https:\/\/www.cencibel.es\/blog\/wp-content\/uploads\/2020\/04\/cuando-se-debe-usar-la-corbata-estrecha.jpg","contentUrl":"https:\/\/www.cencibel.es\/blog\/wp-content\/uploads\/2020\/04\/cuando-se-debe-usar-la-corbata-estrecha.jpg","width":1920,"height":1080,"caption":"\u00bfCu\u00e1ndo se debe usar la corbata estrecha?"},{"@type":"BreadcrumbList","@id":"https:\/\/www.cencibel.es\/blog\/cuando-se-debe-usar-la-corbata-estrecha\/#breadcrumb","itemListElement":[{"@type":"ListItem","position":1,"name":"Portada","item":"https:\/\/www.cencibel.es\/blog\/"},{"@type":"ListItem","position":2,"name":"\u00bfCu\u00e1ndo se debe usar la corbata estrecha?"}]},{"@type":"WebSite","@id":"https:\/\/www.cencibel.es\/blog\/#website","url":"https:\/\/www.cencibel.es\/blog\/","name":"Cencibel","description":"Blog de moda masculina","publisher":{"@id":"https:\/\/www.cencibel.es\/blog\/#organization"},"potentialAction":[{"@type":"SearchAction","target":{"@type":"EntryPoint","urlTemplate":"https:\/\/www.cencibel.es\/blog\/?s={search_term_string}"},"query-input":{"@type":"PropertyValueSpecification","valueRequired":true,"valueName":"search_term_string"}}],"inLanguage":"es"},{"@type":"Organization","@id":"https:\/\/www.cencibel.es\/blog\/#organization","name":"CENCIBEL","url":"https:\/\/www.cencibel.es\/blog\/","logo":{"@type":"ImageObject","inLanguage":"es","@id":"https:\/\/www.cencibel.es\/blog\/#\/schema\/logo\/image\/","url":"https:\/\/www.cencibel.es\/blog\/wp-content\/uploads\/2020\/04\/logo-cencibel.png","contentUrl":"https:\/\/www.cencibel.es\/blog\/wp-content\/uploads\/2020\/04\/logo-cencibel.png","width":157,"height":129,"caption":"CENCIBEL"},"image":{"@id":"https:\/\/www.cencibel.es\/blog\/#\/schema\/logo\/image\/"},"sameAs":["https:\/\/www.facebook.com\/cencibel\/","https:\/\/x.com\/cencibelties"]},{"@type":"Person","@id":"https:\/\/www.cencibel.es\/blog\/#\/schema\/person\/8b2fc92ea0a3467fd6c2e3c2f7d100a2","name":"Cencibel","image":{"@type":"ImageObject","inLanguage":"es","@id":"https:\/\/www.cencibel.es\/blog\/#\/schema\/person\/image\/","url":"https:\/\/secure.gravatar.com\/avatar\/f18f4c495d7668060b70ea4d64213c64cb98fd0d06d267a1c1d8208bcb93f77b?s=96&d=mm&r=g","contentUrl":"https:\/\/secure.gravatar.com\/avatar\/f18f4c495d7668060b70ea4d64213c64cb98fd0d06d267a1c1d8208bcb93f77b?s=96&d=mm&r=g","caption":"Cencibel"},"sameAs":["https:\/\/www.cencibel.es"]}]}},"_links":{"self":[{"href":"https:\/\/www.cencibel.es\/blog\/wp-json\/wp\/v2\/posts\/55","targetHints":{"allow":["GET"]}}],"collection":[{"href":"https:\/\/www.cencibel.es\/blog\/wp-json\/wp\/v2\/posts"}],"about":[{"href":"https:\/\/www.cencibel.es\/blog\/wp-json\/wp\/v2\/types\/post"}],"author":[{"embeddable":true,"href":"https:\/\/www.cencibel.es\/blog\/wp-json\/wp\/v2\/users\/2"}],"replies":[{"embeddable":true,"href":"https:\/\/www.cencibel.es\/blog\/wp-json\/wp\/v2\/comments?post=55"}],"version-history":[{"count":2,"href":"https:\/\/www.cencibel.es\/blog\/wp-json\/wp\/v2\/posts\/55\/revisions"}],"predecessor-version":[{"id":872,"href":"https:\/\/www.cencibel.es\/blog\/wp-json\/wp\/v2\/posts\/55\/revisions\/872"}],"wp:featuredmedia":[{"embeddable":true,"href":"https:\/\/www.cencibel.es\/blog\/wp-json\/wp\/v2\/media\/56"}],"wp:attachment":[{"href":"https:\/\/www.cencibel.es\/blog\/wp-json\/wp\/v2\/media?parent=55"}],"wp:term":[{"taxonomy":"category","embeddable":true,"href":"https:\/\/www.cencibel.es\/blog\/wp-json\/wp\/v2\/categories?post=55"},{"taxonomy":"post_tag","embeddable":true,"href":"https:\/\/www.cencibel.es\/blog\/wp-json\/wp\/v2\/tags?post=55"}],"curies":[{"name":"wp","href":"https:\/\/api.w.org\/{rel}","templated":true}]}}