{"id":571,"date":"2020-05-16T11:06:20","date_gmt":"2020-05-16T09:06:20","guid":{"rendered":"https:\/\/www.cencibel.es\/blog\/?p=571"},"modified":"2020-05-16T11:06:21","modified_gmt":"2020-05-16T09:06:21","slug":"mascarilla-divertida","status":"publish","type":"post","link":"https:\/\/www.cencibel.es\/blog\/mascarilla-divertida\/","title":{"rendered":"Ponte una mascarilla divertida"},"content":{"rendered":"\n<p>Vivimos una \u00e9poca excepcional donde vamos a cambiar nuestros h\u00e1bitos como nunca hubi\u00e9semos imaginado. La mascarilla se va a convertir en un accesorio m\u00e1s en el vestir de todos nosotros. Si puedes escoger ponte una mascarilla divertida. <\/p>\n\n\n\n<p>Cuando salimos a pasear, comprar o trabajar vemos decenas de mascarillas y todas por desgracia con ese azul o verde quir\u00f3fano que nos recuerda que nuestra ciudad se ha convertido en un inmenso hospital. El fil\u00f3sofo alem\u00e1n Arthur Schopenhauer dec\u00eda \u00abla belleza es una carta de presentaci\u00f3n que nos gana de antemano los corazones\u00bb. Por tanto, debes atreverte a cambiarlas por estampados divertidos, evocadores, inspiradores o simplemente por un mensaje positivo que gane el coraz\u00f3n de nuestros conciudadanos.<\/p>\n\n\n\n<h3 class=\"wp-block-heading\">Para que sirve la mascarilla<\/h3>\n\n\n\n<p>La funci\u00f3n principal de la mascarilla es evitar que contagiemos a los que est\u00e1n a nuestro alrededor y en menor medida evitar contagiarnos nosotros mismos de otras personas. <a href=\"https:\/\/www.amazon.es\/Cencibel-Smart-Casual-Mascarilla-Cachemires\/dp\/B087YRZLMP\/ref=sr_1_3?__mk_es_ES=\u00c5M\u00c5\u017d\u00d5\u00d1&amp;dchild=1&amp;keywords=mascarillas+cencibel+liberty&amp;qid=1589573375&amp;sr=8-3\"><span style=\"color:#0a3c52\" class=\"has-inline-color\">La mascarilla higi\u00e9nica reutilizable en algod\u00f3n<\/span><\/a> o fibras naturales es un accesorio <em>friendly<\/em> con el medio ambiente (se puede lavar y cumple la R de reutilizar) y adem\u00e1s evita las irritaciones e incomodidades que provocan la gran mayor\u00eda de mascarillas fabricadas con tejidos sint\u00e9ticos. Un elemento importante es que cumpla la normativa de respirabilidad y filtraci\u00f3n bacteriana; muy pocos tejidos naturales cumplen estos requisitos por consiguiente ser\u00e1 importante que compremos una mascarilla homologada con estos requisitos.<\/p>\n\n\n\n<h3 class=\"wp-block-heading\">\u00bfPor qu\u00e9 una mascarilla reutilizable?<\/h3>\n\n\n\n<p>Las mascarillas higi\u00e9nicas reutilizables ser\u00e1n cada vez una opci\u00f3n m\u00e1s utilizada porque supondr\u00e1n un ahorro econ\u00f3mico (1 mascarilla desechable dura como mucho 1 d\u00eda y su coste es casi 1 Euro) y ayudar\u00e1n a evitar liberar a la naturaleza millones de toneladas de mascarillas sint\u00e9ticas derivadas del petr\u00f3leo con el consiguiente deterioro medioambiental que supone.<\/p>\n\n\n\n<figure class=\"wp-block-gallery columns-3 is-cropped wp-block-gallery-1 is-layout-flex wp-block-gallery-is-layout-flex\"><ul class=\"blocks-gallery-grid\"><li class=\"blocks-gallery-item\"><figure><img loading=\"lazy\" decoding=\"async\" width=\"1024\" height=\"1024\" src=\"https:\/\/www.cencibel.es\/blog\/wp-content\/uploads\/2020\/05\/d3-1024x1024.jpg\" alt=\"\" data-id=\"601\" data-full-url=\"https:\/\/www.cencibel.es\/blog\/wp-content\/uploads\/2020\/05\/d3.jpg\" data-link=\"https:\/\/www.cencibel.es\/blog\/?attachment_id=601\" class=\"wp-image-601\" srcset=\"https:\/\/www.cencibel.es\/blog\/wp-content\/uploads\/2020\/05\/d3-1024x1024.jpg 1024w, https:\/\/www.cencibel.es\/blog\/wp-content\/uploads\/2020\/05\/d3-300x300.jpg 300w, https:\/\/www.cencibel.es\/blog\/wp-content\/uploads\/2020\/05\/d3-150x150.jpg 150w, https:\/\/www.cencibel.es\/blog\/wp-content\/uploads\/2020\/05\/d3-768x768.jpg 768w, https:\/\/www.cencibel.es\/blog\/wp-content\/uploads\/2020\/05\/d3-1140x1140.jpg 1140w, https:\/\/www.cencibel.es\/blog\/wp-content\/uploads\/2020\/05\/d3-75x75.jpg 75w, https:\/\/www.cencibel.es\/blog\/wp-content\/uploads\/2020\/05\/d3.jpg 1200w\" sizes=\"auto, (max-width: 1024px) 100vw, 1024px\" \/><\/figure><\/li><li class=\"blocks-gallery-item\"><figure><img loading=\"lazy\" decoding=\"async\" width=\"1024\" height=\"1024\" src=\"https:\/\/www.cencibel.es\/blog\/wp-content\/uploads\/2020\/05\/c3-1024x1024.jpg\" alt=\"\" data-id=\"600\" data-full-url=\"https:\/\/www.cencibel.es\/blog\/wp-content\/uploads\/2020\/05\/c3.jpg\" data-link=\"https:\/\/www.cencibel.es\/blog\/?attachment_id=600\" class=\"wp-image-600\" srcset=\"https:\/\/www.cencibel.es\/blog\/wp-content\/uploads\/2020\/05\/c3-1024x1024.jpg 1024w, https:\/\/www.cencibel.es\/blog\/wp-content\/uploads\/2020\/05\/c3-300x300.jpg 300w, https:\/\/www.cencibel.es\/blog\/wp-content\/uploads\/2020\/05\/c3-150x150.jpg 150w, https:\/\/www.cencibel.es\/blog\/wp-content\/uploads\/2020\/05\/c3-768x768.jpg 768w, https:\/\/www.cencibel.es\/blog\/wp-content\/uploads\/2020\/05\/c3-1140x1140.jpg 1140w, https:\/\/www.cencibel.es\/blog\/wp-content\/uploads\/2020\/05\/c3-75x75.jpg 75w, https:\/\/www.cencibel.es\/blog\/wp-content\/uploads\/2020\/05\/c3.jpg 1200w\" sizes=\"auto, (max-width: 1024px) 100vw, 1024px\" \/><\/figure><\/li><li class=\"blocks-gallery-item\"><figure><img loading=\"lazy\" decoding=\"async\" width=\"1024\" height=\"1024\" src=\"https:\/\/www.cencibel.es\/blog\/wp-content\/uploads\/2020\/05\/b3-1024x1024.jpg\" alt=\"\" data-id=\"599\" data-full-url=\"https:\/\/www.cencibel.es\/blog\/wp-content\/uploads\/2020\/05\/b3.jpg\" data-link=\"https:\/\/www.cencibel.es\/blog\/?attachment_id=599\" class=\"wp-image-599\" srcset=\"https:\/\/www.cencibel.es\/blog\/wp-content\/uploads\/2020\/05\/b3-1024x1024.jpg 1024w, https:\/\/www.cencibel.es\/blog\/wp-content\/uploads\/2020\/05\/b3-300x300.jpg 300w, https:\/\/www.cencibel.es\/blog\/wp-content\/uploads\/2020\/05\/b3-150x150.jpg 150w, https:\/\/www.cencibel.es\/blog\/wp-content\/uploads\/2020\/05\/b3-768x768.jpg 768w, https:\/\/www.cencibel.es\/blog\/wp-content\/uploads\/2020\/05\/b3-1140x1140.jpg 1140w, https:\/\/www.cencibel.es\/blog\/wp-content\/uploads\/2020\/05\/b3-75x75.jpg 75w, https:\/\/www.cencibel.es\/blog\/wp-content\/uploads\/2020\/05\/b3.jpg 1200w\" sizes=\"auto, (max-width: 1024px) 100vw, 1024px\" \/><\/figure><\/li><\/ul><\/figure>\n\n\n\n<h3 class=\"wp-block-heading\">\u00bfQu\u00e9 tejido debemos escoger?<\/h3>\n\n\n\n<p>Poco a poco el calor ir\u00e1 llegando a nuestro pa\u00eds y con \u00e9l tendremos que ir buscando prendas con pesos y gramajes m\u00e1s ligeros. Siempre recomendamos utilizar fibras naturales como el algod\u00f3n, el lino y la seda. Las fibras naturales nos aportan un frescor y suavidad que se agradece cuando las temperaturas suben.<\/p>\n\n\n\n<p>Una buena opci\u00f3n son las <a href=\"https:\/\/www.cencibel.es\/mascarillas\/mascarillas-liberty\"><span style=\"color:#0b3e54\" class=\"has-inline-color\">mascarillas fabricadas con el afamado tejido Liberty London Tana Lawn<\/span><\/a>. Este tejido es sin duda la obra maestra de la casa Liberty. Su tacto es tan suave que evoca a la seda. Se estampa en una extensa variedad de colores mediante un m\u00e9todo tradicional y su ca\u00edda es incomparable. El Tana Lawn al no ser una seda presenta&nbsp;todas las ventajas del algod\u00f3n: es duradero, refresca cuando hace calor, calienta en invierno y se puede, incluso, lavar a m\u00e1quina.<\/p>\n\n\n\n<div class=\"wp-block-image\"><figure class=\"aligncenter size-large\"><a href=\"https:\/\/www.cencibel.es\/mascarillas\/mascarillas-liberty\"><img loading=\"lazy\" decoding=\"async\" width=\"1024\" height=\"353\" src=\"https:\/\/www.cencibel.es\/blog\/wp-content\/uploads\/2020\/05\/Liberty-Tana-Lawn-e1589573709173-1024x353.jpg\" alt=\"\" class=\"wp-image-592\" srcset=\"https:\/\/www.cencibel.es\/blog\/wp-content\/uploads\/2020\/05\/Liberty-Tana-Lawn-e1589573709173-1024x353.jpg 1024w, https:\/\/www.cencibel.es\/blog\/wp-content\/uploads\/2020\/05\/Liberty-Tana-Lawn-e1589573709173-300x104.jpg 300w, https:\/\/www.cencibel.es\/blog\/wp-content\/uploads\/2020\/05\/Liberty-Tana-Lawn-e1589573709173-768x265.jpg 768w, https:\/\/www.cencibel.es\/blog\/wp-content\/uploads\/2020\/05\/Liberty-Tana-Lawn-e1589573709173-1140x393.jpg 1140w, https:\/\/www.cencibel.es\/blog\/wp-content\/uploads\/2020\/05\/Liberty-Tana-Lawn-e1589573709173.jpg 1200w\" sizes=\"auto, (max-width: 1024px) 100vw, 1024px\" \/><\/a><\/figure><\/div>\n\n\n\n<h3 class=\"wp-block-heading\">\u00bfPor qu\u00e9 una mascarilla divertida?<\/h3>\n\n\n\n<p> Poco a poco se va a convertir en un elemento mas de nuestros paisajes urbanos y rurales. Entonces debemos imprimirle ese car\u00e1cter motivador que armonice nuestro d\u00eda a d\u00eda con algo bello.<\/p>\n\n\n\n<p>En breve tiempo, cuando cada ma\u00f1ana pensemos en nuestro <em>look<\/em> diario tendremos que pensar en que mascarilla ponernos. Si asistimos a una reuni\u00f3n importante tendremos que utilizar una mascarilla en un estampado falso liso o con peque\u00f1os dibujos. Al contrario si salimos de ocio optaremos por una mascarilla con un alegre estampado o con un mensaje en clave que identifique nuestros prop\u00f3sitos.<\/p>\n\n\n\n<p>Da igual el lugar al que vayamos, lo que no dar\u00e1 igual ser\u00e1 la mascarilla que vayamos a llevar. Por tanto, elige siempre una mascarilla divertida e inyectar\u00e1s una peque\u00f1a dosis de alegr\u00eda a los que est\u00e1n a tu alrededor.<\/p>\n\n\n\n<figure class=\"wp-block-image size-large\"><a href=\"https:\/\/www.cencibel.es\/mascarilla-sonrisa-bandera-espa-a\"><img loading=\"lazy\" decoding=\"async\" width=\"1024\" height=\"376\" src=\"https:\/\/www.cencibel.es\/blog\/wp-content\/uploads\/2020\/05\/Banner-Mascarilla-1024x376.jpg\" alt=\"\" class=\"wp-image-587\" srcset=\"https:\/\/www.cencibel.es\/blog\/wp-content\/uploads\/2020\/05\/Banner-Mascarilla-1024x376.jpg 1024w, https:\/\/www.cencibel.es\/blog\/wp-content\/uploads\/2020\/05\/Banner-Mascarilla-300x110.jpg 300w, https:\/\/www.cencibel.es\/blog\/wp-content\/uploads\/2020\/05\/Banner-Mascarilla-768x282.jpg 768w, https:\/\/www.cencibel.es\/blog\/wp-content\/uploads\/2020\/05\/Banner-Mascarilla-1536x564.jpg 1536w, https:\/\/www.cencibel.es\/blog\/wp-content\/uploads\/2020\/05\/Banner-Mascarilla-1140x419.jpg 1140w, https:\/\/www.cencibel.es\/blog\/wp-content\/uploads\/2020\/05\/Banner-Mascarilla.jpg 1920w\" sizes=\"auto, (max-width: 1024px) 100vw, 1024px\" \/><\/a><\/figure>\n\n\n\n<p><\/p>\n\n<div class=\"kk-star-ratings\n     kksr-valign-bottom     kksr-align-left    \"\n    data-payload=\"{&quot;align&quot;:&quot;left&quot;,&quot;id&quot;:&quot;571&quot;,&quot;slug&quot;:&quot;default&quot;,&quot;valign&quot;:&quot;bottom&quot;,&quot;reference&quot;:&quot;auto&quot;,&quot;count&quot;:&quot;10&quot;,&quot;readonly&quot;:&quot;&quot;,&quot;score&quot;:&quot;3.5&quot;,&quot;best&quot;:&quot;5&quot;,&quot;gap&quot;:&quot;4&quot;,&quot;greet&quot;:&quot;Rate this post&quot;,&quot;legend&quot;:&quot;3.5\\\/5 - (10 votos)&quot;,&quot;size&quot;:&quot;24&quot;,&quot;width&quot;:&quot;96&quot;,&quot;_legend&quot;:&quot;{score}\\\/{best} - ({count} {votes})&quot;}\">\n    \n<div class=\"kksr-stars\">\n    \n<div class=\"kksr-stars-inactive\">\n            <div class=\"kksr-star\" data-star=\"1\" style=\"padding-right: 4px\">\n            \n\n<div class=\"kksr-icon\" style=\"width: 24px; height: 24px;\"><\/div>\n        <\/div>\n            <div class=\"kksr-star\" data-star=\"2\" style=\"padding-right: 4px\">\n            \n\n<div class=\"kksr-icon\" style=\"width: 24px; height: 24px;\"><\/div>\n        <\/div>\n            <div class=\"kksr-star\" data-star=\"3\" style=\"padding-right: 4px\">\n            \n\n<div class=\"kksr-icon\" style=\"width: 24px; height: 24px;\"><\/div>\n        <\/div>\n            <div class=\"kksr-star\" data-star=\"4\" style=\"padding-right: 4px\">\n            \n\n<div class=\"kksr-icon\" style=\"width: 24px; height: 24px;\"><\/div>\n        <\/div>\n            <div class=\"kksr-star\" data-star=\"5\" style=\"padding-right: 4px\">\n            \n\n<div class=\"kksr-icon\" style=\"width: 24px; height: 24px;\"><\/div>\n        <\/div>\n    <\/div>\n    \n<div class=\"kksr-stars-active\" style=\"width: 96px;\">\n            <div class=\"kksr-star\" style=\"padding-right: 4px\">\n            \n\n<div class=\"kksr-icon\" style=\"width: 24px; height: 24px;\"><\/div>\n        <\/div>\n            <div class=\"kksr-star\" style=\"padding-right: 4px\">\n            \n\n<div class=\"kksr-icon\" style=\"width: 24px; height: 24px;\"><\/div>\n        <\/div>\n            <div class=\"kksr-star\" style=\"padding-right: 4px\">\n            \n\n<div class=\"kksr-icon\" style=\"width: 24px; height: 24px;\"><\/div>\n        <\/div>\n            <div class=\"kksr-star\" style=\"padding-right: 4px\">\n            \n\n<div class=\"kksr-icon\" style=\"width: 24px; height: 24px;\"><\/div>\n        <\/div>\n            <div class=\"kksr-star\" style=\"padding-right: 4px\">\n            \n\n<div class=\"kksr-icon\" style=\"width: 24px; height: 24px;\"><\/div>\n        <\/div>\n    <\/div>\n<\/div>\n    \n<div class=\"kksr-legend\">\n            3.5\/5 - (10 votos)    <\/div>\n<\/div>\n","protected":false},"excerpt":{"rendered":"<p>Vivimos una \u00e9poca excepcional donde vamos a cambiar nuestros h\u00e1bitos como nunca hubi\u00e9semos imaginado. La mascarilla se va a convertir en un accesorio m\u00e1s en el vestir de todos nosotros. Si puedes escoger ponte una mascarilla divertida. Cuando salimos a pasear, comprar o trabajar vemos decenas de mascarillas y todas por desgracia con ese azul o verde quir\u00f3fano que nos recuerda que nuestra ciudad se ha convertido en un inmenso hospital. El fil\u00f3sofo alem\u00e1n Arthur Schopenhauer dec\u00eda \u00abla belleza es una carta de presentaci\u00f3n que nos gana de antemano los corazones\u00bb. Por tanto, debes atreverte a cambiarlas por estampados divertidos, evocadores, inspiradores o simplemente por un mensaje positivo que gane el coraz\u00f3n de nuestros conciudadanos. Para que sirve la mascarilla La funci\u00f3n principal de la mascarilla es evitar que contagiemos a los que est\u00e1n a nuestro alrededor y en menor medida evitar contagiarnos nosotros mismos de otras personas. La mascarilla higi\u00e9nica reutilizable en algod\u00f3n o fibras naturales es un accesorio friendly con el medio ambiente (se puede lavar y cumple la R de reutilizar) y adem\u00e1s evita las irritaciones e incomodidades que provocan la gran mayor\u00eda de mascarillas fabricadas con tejidos sint\u00e9ticos. Un elemento importante es que cumpla la normativa de respirabilidad y filtraci\u00f3n bacteriana; muy pocos tejidos naturales cumplen estos requisitos por consiguiente ser\u00e1 importante que compremos una mascarilla homologada con estos requisitos. \u00bfPor qu\u00e9 una mascarilla reutilizable? Las mascarillas higi\u00e9nicas reutilizables ser\u00e1n cada vez una opci\u00f3n m\u00e1s utilizada porque supondr\u00e1n un ahorro econ\u00f3mico (1 mascarilla desechable dura como mucho 1 d\u00eda y su coste es casi 1 Euro) y ayudar\u00e1n a evitar liberar a la naturaleza millones de toneladas de mascarillas sint\u00e9ticas derivadas del petr\u00f3leo con el consiguiente deterioro medioambiental que supone. \u00bfQu\u00e9 tejido debemos escoger? Poco a poco el calor ir\u00e1 llegando a nuestro pa\u00eds y con \u00e9l tendremos que ir buscando prendas con pesos y gramajes m\u00e1s ligeros. Siempre recomendamos utilizar fibras naturales como el algod\u00f3n, el lino y la seda. Las fibras naturales nos aportan un frescor y suavidad que se agradece cuando las temperaturas suben. Una buena opci\u00f3n son las mascarillas fabricadas con el afamado tejido Liberty London Tana Lawn. Este tejido es sin duda la obra maestra de la casa Liberty. Su tacto es tan suave que evoca a la seda. Se estampa en una extensa variedad de colores mediante un m\u00e9todo tradicional y su ca\u00edda es incomparable. El Tana Lawn al no ser una seda presenta&nbsp;todas las ventajas del algod\u00f3n: es duradero, refresca cuando hace calor, calienta en invierno y se puede, incluso, lavar a m\u00e1quina. \u00bfPor qu\u00e9 una mascarilla divertida? Poco a poco se va a convertir en un elemento mas de nuestros paisajes urbanos y rurales. Entonces debemos imprimirle ese car\u00e1cter motivador que armonice nuestro d\u00eda a d\u00eda con algo bello. En breve tiempo, cuando cada ma\u00f1ana pensemos en nuestro look diario tendremos que pensar en que mascarilla ponernos. Si asistimos a una reuni\u00f3n importante tendremos que utilizar una mascarilla en un estampado falso liso o con peque\u00f1os dibujos. Al contrario si salimos de ocio optaremos por una mascarilla con un alegre estampado o con un mensaje en clave que identifique nuestros prop\u00f3sitos. Da igual el lugar al que vayamos, lo que no dar\u00e1 igual ser\u00e1 la mascarilla que vayamos a llevar. Por tanto, elige siempre una mascarilla divertida e inyectar\u00e1s una peque\u00f1a dosis de alegr\u00eda a los que est\u00e1n a tu alrededor. 3.5\/5 &#8211; (10 votos)<\/p>\n","protected":false},"author":2,"featured_media":586,"comment_status":"open","ping_status":"open","sticky":false,"template":"","format":"standard","meta":{"_monsterinsights_skip_tracking":false,"_monsterinsights_sitenote_active":false,"_monsterinsights_sitenote_note":"","_monsterinsights_sitenote_category":0,"footnotes":""},"categories":[7],"tags":[],"class_list":["post-571","post","type-post","status-publish","format-standard","has-post-thumbnail","hentry","category-inspiracion-guia-de-estilo"],"yoast_head":"<!-- This site is optimized with the Yoast SEO plugin v25.3.1 - https:\/\/yoast.com\/wordpress\/plugins\/seo\/ -->\n<title>Ponte una mascarilla divertida - Cencibel<\/title>\n<meta name=\"description\" content=\"Ponte una mascarilla divertida y cambian tu look a un aspecto positivo y alegre. Camb\u00eda el verde y azul quirofano por una estampado bonito.\" \/>\n<meta name=\"robots\" content=\"index, follow, max-snippet:-1, max-image-preview:large, max-video-preview:-1\" \/>\n<link rel=\"canonical\" href=\"https:\/\/www.cencibel.es\/blog\/mascarilla-divertida\/\" \/>\n<meta property=\"og:locale\" content=\"es_ES\" \/>\n<meta property=\"og:type\" content=\"article\" \/>\n<meta property=\"og:title\" content=\"Ponte una mascarilla divertida - Cencibel\" \/>\n<meta property=\"og:description\" content=\"Ponte una mascarilla divertida y cambian tu look a un aspecto positivo y alegre. Camb\u00eda el verde y azul quirofano por una estampado bonito.\" \/>\n<meta property=\"og:url\" content=\"https:\/\/www.cencibel.es\/blog\/mascarilla-divertida\/\" \/>\n<meta property=\"og:site_name\" content=\"Cencibel\" \/>\n<meta property=\"article:publisher\" content=\"https:\/\/www.facebook.com\/cencibel\/\" \/>\n<meta property=\"article:published_time\" content=\"2020-05-16T09:06:20+00:00\" \/>\n<meta property=\"article:modified_time\" content=\"2020-05-16T09:06:21+00:00\" \/>\n<meta property=\"og:image\" content=\"https:\/\/www.cencibel.es\/blog\/wp-content\/uploads\/2020\/05\/instagram2-e1589570815513.jpg\" \/>\n\t<meta property=\"og:image:width\" content=\"1200\" \/>\n\t<meta property=\"og:image:height\" content=\"483\" \/>\n\t<meta property=\"og:image:type\" content=\"image\/jpeg\" \/>\n<meta name=\"author\" content=\"Cencibel\" \/>\n<meta name=\"twitter:card\" content=\"summary_large_image\" \/>\n<meta name=\"twitter:creator\" content=\"@cencibelties\" \/>\n<meta name=\"twitter:site\" content=\"@cencibelties\" \/>\n<meta name=\"twitter:label1\" content=\"Escrito por\" \/>\n\t<meta name=\"twitter:data1\" content=\"Cencibel\" \/>\n\t<meta name=\"twitter:label2\" content=\"Tiempo de lectura\" \/>\n\t<meta name=\"twitter:data2\" content=\"3 minutos\" \/>\n<script type=\"application\/ld+json\" class=\"yoast-schema-graph\">{\"@context\":\"https:\/\/schema.org\",\"@graph\":[{\"@type\":\"Article\",\"@id\":\"https:\/\/www.cencibel.es\/blog\/mascarilla-divertida\/#article\",\"isPartOf\":{\"@id\":\"https:\/\/www.cencibel.es\/blog\/mascarilla-divertida\/\"},\"author\":{\"name\":\"Cencibel\",\"@id\":\"https:\/\/www.cencibel.es\/blog\/#\/schema\/person\/8b2fc92ea0a3467fd6c2e3c2f7d100a2\"},\"headline\":\"Ponte una mascarilla divertida\",\"datePublished\":\"2020-05-16T09:06:20+00:00\",\"dateModified\":\"2020-05-16T09:06:21+00:00\",\"mainEntityOfPage\":{\"@id\":\"https:\/\/www.cencibel.es\/blog\/mascarilla-divertida\/\"},\"wordCount\":612,\"commentCount\":0,\"publisher\":{\"@id\":\"https:\/\/www.cencibel.es\/blog\/#organization\"},\"image\":{\"@id\":\"https:\/\/www.cencibel.es\/blog\/mascarilla-divertida\/#primaryimage\"},\"thumbnailUrl\":\"https:\/\/www.cencibel.es\/blog\/wp-content\/uploads\/2020\/05\/instagram2-e1589570815513.jpg\",\"articleSection\":[\"Inspiraci\u00f3n\"],\"inLanguage\":\"es\",\"potentialAction\":[{\"@type\":\"CommentAction\",\"name\":\"Comment\",\"target\":[\"https:\/\/www.cencibel.es\/blog\/mascarilla-divertida\/#respond\"]}]},{\"@type\":\"WebPage\",\"@id\":\"https:\/\/www.cencibel.es\/blog\/mascarilla-divertida\/\",\"url\":\"https:\/\/www.cencibel.es\/blog\/mascarilla-divertida\/\",\"name\":\"Ponte una mascarilla divertida - Cencibel\",\"isPartOf\":{\"@id\":\"https:\/\/www.cencibel.es\/blog\/#website\"},\"primaryImageOfPage\":{\"@id\":\"https:\/\/www.cencibel.es\/blog\/mascarilla-divertida\/#primaryimage\"},\"image\":{\"@id\":\"https:\/\/www.cencibel.es\/blog\/mascarilla-divertida\/#primaryimage\"},\"thumbnailUrl\":\"https:\/\/www.cencibel.es\/blog\/wp-content\/uploads\/2020\/05\/instagram2-e1589570815513.jpg\",\"datePublished\":\"2020-05-16T09:06:20+00:00\",\"dateModified\":\"2020-05-16T09:06:21+00:00\",\"description\":\"Ponte una mascarilla divertida y cambian tu look a un aspecto positivo y alegre. Camb\u00eda el verde y azul quirofano por una estampado bonito.\",\"breadcrumb\":{\"@id\":\"https:\/\/www.cencibel.es\/blog\/mascarilla-divertida\/#breadcrumb\"},\"inLanguage\":\"es\",\"potentialAction\":[{\"@type\":\"ReadAction\",\"target\":[\"https:\/\/www.cencibel.es\/blog\/mascarilla-divertida\/\"]}]},{\"@type\":\"ImageObject\",\"inLanguage\":\"es\",\"@id\":\"https:\/\/www.cencibel.es\/blog\/mascarilla-divertida\/#primaryimage\",\"url\":\"https:\/\/www.cencibel.es\/blog\/wp-content\/uploads\/2020\/05\/instagram2-e1589570815513.jpg\",\"contentUrl\":\"https:\/\/www.cencibel.es\/blog\/wp-content\/uploads\/2020\/05\/instagram2-e1589570815513.jpg\",\"width\":1200,\"height\":483},{\"@type\":\"BreadcrumbList\",\"@id\":\"https:\/\/www.cencibel.es\/blog\/mascarilla-divertida\/#breadcrumb\",\"itemListElement\":[{\"@type\":\"ListItem\",\"position\":1,\"name\":\"Portada\",\"item\":\"https:\/\/www.cencibel.es\/blog\/\"},{\"@type\":\"ListItem\",\"position\":2,\"name\":\"Ponte una mascarilla divertida\"}]},{\"@type\":\"WebSite\",\"@id\":\"https:\/\/www.cencibel.es\/blog\/#website\",\"url\":\"https:\/\/www.cencibel.es\/blog\/\",\"name\":\"Cencibel\",\"description\":\"Blog de moda masculina\",\"publisher\":{\"@id\":\"https:\/\/www.cencibel.es\/blog\/#organization\"},\"potentialAction\":[{\"@type\":\"SearchAction\",\"target\":{\"@type\":\"EntryPoint\",\"urlTemplate\":\"https:\/\/www.cencibel.es\/blog\/?s={search_term_string}\"},\"query-input\":{\"@type\":\"PropertyValueSpecification\",\"valueRequired\":true,\"valueName\":\"search_term_string\"}}],\"inLanguage\":\"es\"},{\"@type\":\"Organization\",\"@id\":\"https:\/\/www.cencibel.es\/blog\/#organization\",\"name\":\"CENCIBEL\",\"url\":\"https:\/\/www.cencibel.es\/blog\/\",\"logo\":{\"@type\":\"ImageObject\",\"inLanguage\":\"es\",\"@id\":\"https:\/\/www.cencibel.es\/blog\/#\/schema\/logo\/image\/\",\"url\":\"https:\/\/www.cencibel.es\/blog\/wp-content\/uploads\/2020\/04\/logo-cencibel.png\",\"contentUrl\":\"https:\/\/www.cencibel.es\/blog\/wp-content\/uploads\/2020\/04\/logo-cencibel.png\",\"width\":157,\"height\":129,\"caption\":\"CENCIBEL\"},\"image\":{\"@id\":\"https:\/\/www.cencibel.es\/blog\/#\/schema\/logo\/image\/\"},\"sameAs\":[\"https:\/\/www.facebook.com\/cencibel\/\",\"https:\/\/x.com\/cencibelties\"]},{\"@type\":\"Person\",\"@id\":\"https:\/\/www.cencibel.es\/blog\/#\/schema\/person\/8b2fc92ea0a3467fd6c2e3c2f7d100a2\",\"name\":\"Cencibel\",\"image\":{\"@type\":\"ImageObject\",\"inLanguage\":\"es\",\"@id\":\"https:\/\/www.cencibel.es\/blog\/#\/schema\/person\/image\/\",\"url\":\"https:\/\/secure.gravatar.com\/avatar\/f18f4c495d7668060b70ea4d64213c64cb98fd0d06d267a1c1d8208bcb93f77b?s=96&d=mm&r=g\",\"contentUrl\":\"https:\/\/secure.gravatar.com\/avatar\/f18f4c495d7668060b70ea4d64213c64cb98fd0d06d267a1c1d8208bcb93f77b?s=96&d=mm&r=g\",\"caption\":\"Cencibel\"},\"sameAs\":[\"https:\/\/www.cencibel.es\"]}]}<\/script>\n<!-- \/ Yoast SEO plugin. -->","yoast_head_json":{"title":"Ponte una mascarilla divertida - Cencibel","description":"Ponte una mascarilla divertida y cambian tu look a un aspecto positivo y alegre. Camb\u00eda el verde y azul quirofano por una estampado bonito.","robots":{"index":"index","follow":"follow","max-snippet":"max-snippet:-1","max-image-preview":"max-image-preview:large","max-video-preview":"max-video-preview:-1"},"canonical":"https:\/\/www.cencibel.es\/blog\/mascarilla-divertida\/","og_locale":"es_ES","og_type":"article","og_title":"Ponte una mascarilla divertida - Cencibel","og_description":"Ponte una mascarilla divertida y cambian tu look a un aspecto positivo y alegre. Camb\u00eda el verde y azul quirofano por una estampado bonito.","og_url":"https:\/\/www.cencibel.es\/blog\/mascarilla-divertida\/","og_site_name":"Cencibel","article_publisher":"https:\/\/www.facebook.com\/cencibel\/","article_published_time":"2020-05-16T09:06:20+00:00","article_modified_time":"2020-05-16T09:06:21+00:00","og_image":[{"width":1200,"height":483,"url":"https:\/\/www.cencibel.es\/blog\/wp-content\/uploads\/2020\/05\/instagram2-e1589570815513.jpg","type":"image\/jpeg"}],"author":"Cencibel","twitter_card":"summary_large_image","twitter_creator":"@cencibelties","twitter_site":"@cencibelties","twitter_misc":{"Escrito por":"Cencibel","Tiempo de lectura":"3 minutos"},"schema":{"@context":"https:\/\/schema.org","@graph":[{"@type":"Article","@id":"https:\/\/www.cencibel.es\/blog\/mascarilla-divertida\/#article","isPartOf":{"@id":"https:\/\/www.cencibel.es\/blog\/mascarilla-divertida\/"},"author":{"name":"Cencibel","@id":"https:\/\/www.cencibel.es\/blog\/#\/schema\/person\/8b2fc92ea0a3467fd6c2e3c2f7d100a2"},"headline":"Ponte una mascarilla divertida","datePublished":"2020-05-16T09:06:20+00:00","dateModified":"2020-05-16T09:06:21+00:00","mainEntityOfPage":{"@id":"https:\/\/www.cencibel.es\/blog\/mascarilla-divertida\/"},"wordCount":612,"commentCount":0,"publisher":{"@id":"https:\/\/www.cencibel.es\/blog\/#organization"},"image":{"@id":"https:\/\/www.cencibel.es\/blog\/mascarilla-divertida\/#primaryimage"},"thumbnailUrl":"https:\/\/www.cencibel.es\/blog\/wp-content\/uploads\/2020\/05\/instagram2-e1589570815513.jpg","articleSection":["Inspiraci\u00f3n"],"inLanguage":"es","potentialAction":[{"@type":"CommentAction","name":"Comment","target":["https:\/\/www.cencibel.es\/blog\/mascarilla-divertida\/#respond"]}]},{"@type":"WebPage","@id":"https:\/\/www.cencibel.es\/blog\/mascarilla-divertida\/","url":"https:\/\/www.cencibel.es\/blog\/mascarilla-divertida\/","name":"Ponte una mascarilla divertida - Cencibel","isPartOf":{"@id":"https:\/\/www.cencibel.es\/blog\/#website"},"primaryImageOfPage":{"@id":"https:\/\/www.cencibel.es\/blog\/mascarilla-divertida\/#primaryimage"},"image":{"@id":"https:\/\/www.cencibel.es\/blog\/mascarilla-divertida\/#primaryimage"},"thumbnailUrl":"https:\/\/www.cencibel.es\/blog\/wp-content\/uploads\/2020\/05\/instagram2-e1589570815513.jpg","datePublished":"2020-05-16T09:06:20+00:00","dateModified":"2020-05-16T09:06:21+00:00","description":"Ponte una mascarilla divertida y cambian tu look a un aspecto positivo y alegre. Camb\u00eda el verde y azul quirofano por una estampado bonito.","breadcrumb":{"@id":"https:\/\/www.cencibel.es\/blog\/mascarilla-divertida\/#breadcrumb"},"inLanguage":"es","potentialAction":[{"@type":"ReadAction","target":["https:\/\/www.cencibel.es\/blog\/mascarilla-divertida\/"]}]},{"@type":"ImageObject","inLanguage":"es","@id":"https:\/\/www.cencibel.es\/blog\/mascarilla-divertida\/#primaryimage","url":"https:\/\/www.cencibel.es\/blog\/wp-content\/uploads\/2020\/05\/instagram2-e1589570815513.jpg","contentUrl":"https:\/\/www.cencibel.es\/blog\/wp-content\/uploads\/2020\/05\/instagram2-e1589570815513.jpg","width":1200,"height":483},{"@type":"BreadcrumbList","@id":"https:\/\/www.cencibel.es\/blog\/mascarilla-divertida\/#breadcrumb","itemListElement":[{"@type":"ListItem","position":1,"name":"Portada","item":"https:\/\/www.cencibel.es\/blog\/"},{"@type":"ListItem","position":2,"name":"Ponte una mascarilla divertida"}]},{"@type":"WebSite","@id":"https:\/\/www.cencibel.es\/blog\/#website","url":"https:\/\/www.cencibel.es\/blog\/","name":"Cencibel","description":"Blog de moda masculina","publisher":{"@id":"https:\/\/www.cencibel.es\/blog\/#organization"},"potentialAction":[{"@type":"SearchAction","target":{"@type":"EntryPoint","urlTemplate":"https:\/\/www.cencibel.es\/blog\/?s={search_term_string}"},"query-input":{"@type":"PropertyValueSpecification","valueRequired":true,"valueName":"search_term_string"}}],"inLanguage":"es"},{"@type":"Organization","@id":"https:\/\/www.cencibel.es\/blog\/#organization","name":"CENCIBEL","url":"https:\/\/www.cencibel.es\/blog\/","logo":{"@type":"ImageObject","inLanguage":"es","@id":"https:\/\/www.cencibel.es\/blog\/#\/schema\/logo\/image\/","url":"https:\/\/www.cencibel.es\/blog\/wp-content\/uploads\/2020\/04\/logo-cencibel.png","contentUrl":"https:\/\/www.cencibel.es\/blog\/wp-content\/uploads\/2020\/04\/logo-cencibel.png","width":157,"height":129,"caption":"CENCIBEL"},"image":{"@id":"https:\/\/www.cencibel.es\/blog\/#\/schema\/logo\/image\/"},"sameAs":["https:\/\/www.facebook.com\/cencibel\/","https:\/\/x.com\/cencibelties"]},{"@type":"Person","@id":"https:\/\/www.cencibel.es\/blog\/#\/schema\/person\/8b2fc92ea0a3467fd6c2e3c2f7d100a2","name":"Cencibel","image":{"@type":"ImageObject","inLanguage":"es","@id":"https:\/\/www.cencibel.es\/blog\/#\/schema\/person\/image\/","url":"https:\/\/secure.gravatar.com\/avatar\/f18f4c495d7668060b70ea4d64213c64cb98fd0d06d267a1c1d8208bcb93f77b?s=96&d=mm&r=g","contentUrl":"https:\/\/secure.gravatar.com\/avatar\/f18f4c495d7668060b70ea4d64213c64cb98fd0d06d267a1c1d8208bcb93f77b?s=96&d=mm&r=g","caption":"Cencibel"},"sameAs":["https:\/\/www.cencibel.es"]}]}},"_links":{"self":[{"href":"https:\/\/www.cencibel.es\/blog\/wp-json\/wp\/v2\/posts\/571","targetHints":{"allow":["GET"]}}],"collection":[{"href":"https:\/\/www.cencibel.es\/blog\/wp-json\/wp\/v2\/posts"}],"about":[{"href":"https:\/\/www.cencibel.es\/blog\/wp-json\/wp\/v2\/types\/post"}],"author":[{"embeddable":true,"href":"https:\/\/www.cencibel.es\/blog\/wp-json\/wp\/v2\/users\/2"}],"replies":[{"embeddable":true,"href":"https:\/\/www.cencibel.es\/blog\/wp-json\/wp\/v2\/comments?post=571"}],"version-history":[{"count":25,"href":"https:\/\/www.cencibel.es\/blog\/wp-json\/wp\/v2\/posts\/571\/revisions"}],"predecessor-version":[{"id":612,"href":"https:\/\/www.cencibel.es\/blog\/wp-json\/wp\/v2\/posts\/571\/revisions\/612"}],"wp:featuredmedia":[{"embeddable":true,"href":"https:\/\/www.cencibel.es\/blog\/wp-json\/wp\/v2\/media\/586"}],"wp:attachment":[{"href":"https:\/\/www.cencibel.es\/blog\/wp-json\/wp\/v2\/media?parent=571"}],"wp:term":[{"taxonomy":"category","embeddable":true,"href":"https:\/\/www.cencibel.es\/blog\/wp-json\/wp\/v2\/categories?post=571"},{"taxonomy":"post_tag","embeddable":true,"href":"https:\/\/www.cencibel.es\/blog\/wp-json\/wp\/v2\/tags?post=571"}],"curies":[{"name":"wp","href":"https:\/\/api.w.org\/{rel}","templated":true}]}}