{"id":676,"date":"2020-06-28T13:27:36","date_gmt":"2020-06-28T11:27:36","guid":{"rendered":"https:\/\/www.cencibel.es\/blog\/?p=676"},"modified":"2020-06-28T13:50:44","modified_gmt":"2020-06-28T11:50:44","slug":"mascarilla-cencibel-para-los-pregoneros-del-orgullo-2020","status":"publish","type":"post","link":"https:\/\/www.cencibel.es\/blog\/mascarilla-cencibel-para-los-pregoneros-del-orgullo-2020\/","title":{"rendered":"Mascarilla Cencibel para los pregoneros del Orgullo 2020"},"content":{"rendered":"\n<p>Este a\u00f1o la mascarilla se ha convertido en una prenda de vestir imprescindible en el armario. Desde Cencibel hemos desarrollado varias propuestas y entre ellas creamos dos mascarillas inspiradas en el orgullo gay 2020. Una de de ellas ha sido la bandera del orgullo en sus 6 colores utilizando gomas rojas a contraste para darle un toque m\u00e1s kitsch. Esta mascarilla ha sido la elegida por los <a href=\"https:\/\/shangay.com\/2020\/06\/26\/mado-madrid-orgullo-lgtbi-2020-presentacion\/\"><span style=\"color:#0e3f54\" class=\"has-inline-color\">pregoneros del Orgullo 2020<\/span><\/a>. Desde Cencibel nos complace que haya sido nuestra mascarilla con dise\u00f1o y fabricaci\u00f3n en Espa\u00f1a la seleccionada para este acto. Adem\u00e1s la mascarilla Cencibel Orgullo 2020 es una de las m\u00e1s frescas y confortables debido a sus materiales eco-friendly.<\/p>\n\n\n\n<figure class=\"wp-block-image size-large\"><a href=\"https:\/\/www.cencibel.es\/mascarilla-orgullo-gay\"><img loading=\"lazy\" decoding=\"async\" width=\"1024\" height=\"376\" src=\"https:\/\/www.cencibel.es\/blog\/wp-content\/uploads\/2020\/06\/BannerOrgullo-1024x376.jpg\" alt=\"\" class=\"wp-image-677\" srcset=\"https:\/\/www.cencibel.es\/blog\/wp-content\/uploads\/2020\/06\/BannerOrgullo-1024x376.jpg 1024w, https:\/\/www.cencibel.es\/blog\/wp-content\/uploads\/2020\/06\/BannerOrgullo-300x110.jpg 300w, https:\/\/www.cencibel.es\/blog\/wp-content\/uploads\/2020\/06\/BannerOrgullo-768x282.jpg 768w, https:\/\/www.cencibel.es\/blog\/wp-content\/uploads\/2020\/06\/BannerOrgullo-1536x564.jpg 1536w, https:\/\/www.cencibel.es\/blog\/wp-content\/uploads\/2020\/06\/BannerOrgullo-1140x419.jpg 1140w, https:\/\/www.cencibel.es\/blog\/wp-content\/uploads\/2020\/06\/BannerOrgullo.jpg 1920w\" sizes=\"auto, (max-width: 1024px) 100vw, 1024px\" \/><\/a><\/figure>\n\n\n\n<p>La terraza del hotel Room Mate \u00d3scar, situada en la plaza Pedro Zerolo, ha acogido esta reuni\u00f3n a la que han asistido los pregoneros del Orgullo LGTBI, entre los que encontramos al presentador de\u00a0<em>First Dates<\/em>\u00a0<a href=\"https:\/\/shangay.com\/2020\/06\/24\/carlos-sobera-first-dates-orgullo-madrid-gay-lgtbiq\/\" target=\"_blank\" rel=\"noreferrer noopener\"><strong><span style=\"color:#0f4257\" class=\"has-inline-color\">Carlos Sobera<\/span><\/strong><\/a>;\u00a0<a href=\"https:\/\/shangay.com\/2020\/06\/19\/orgullo-2020-la-veneno-madrid-novedades-programacion-pride-gay-lgtbi\/\" target=\"_blank\" rel=\"noreferrer noopener\">l<span style=\"color:#0c3f56\" class=\"has-inline-color\">as protagonistas de\u00a0<strong><em>Veneno<\/em><\/strong><\/span><\/a>;\u00a0<strong>Isabel Torres<\/strong>,\u00a0<strong>Daniela de Santiago<\/strong>,\u00a0<strong>Jedet<\/strong>,\u00a0<strong>Lola Rodr\u00edguez<\/strong> y\u00a0<strong>Paca La Pira\u00f1a<\/strong>; el waterpolista internacional\u00a0<a href=\"https:\/\/shangay.com\/2019\/09\/27\/victor-gutierrez-la-palma-lgtbi-destino-canarias\/\" target=\"_blank\" rel=\"noreferrer noopener\"><strong>V\u00edctor Guti\u00e9rrez<\/strong>\u00a0<\/a>y la actriz\u00a0<strong><a aria-label=\"undefined (abre en una nueva pesta\u00f1a)\" href=\"https:\/\/shangay.com\/2020\/04\/28\/itziar-castro-entrevista-vis-vis-oasis-cuarentena-television\/\" target=\"_blank\" rel=\"noreferrer noopener\">Itziar Castro<\/a><\/strong>, protagonista de la nueva serie de HBO Espa\u00f1a\u00a0<strong><em>Por H o por B<\/em><\/strong>.<\/p>\n\n\n\n<div class=\"wp-block-image\"><figure class=\"aligncenter size-large\"><img loading=\"lazy\" decoding=\"async\" width=\"1024\" height=\"768\" src=\"https:\/\/www.cencibel.es\/blog\/wp-content\/uploads\/2020\/06\/Las-protagonistas-de-Veneno-1024x768.jpg\" alt=\"\" class=\"wp-image-683\" srcset=\"https:\/\/www.cencibel.es\/blog\/wp-content\/uploads\/2020\/06\/Las-protagonistas-de-Veneno-1024x768.jpg 1024w, https:\/\/www.cencibel.es\/blog\/wp-content\/uploads\/2020\/06\/Las-protagonistas-de-Veneno-300x225.jpg 300w, https:\/\/www.cencibel.es\/blog\/wp-content\/uploads\/2020\/06\/Las-protagonistas-de-Veneno-768x576.jpg 768w, https:\/\/www.cencibel.es\/blog\/wp-content\/uploads\/2020\/06\/Las-protagonistas-de-Veneno-1536x1152.jpg 1536w, https:\/\/www.cencibel.es\/blog\/wp-content\/uploads\/2020\/06\/Las-protagonistas-de-Veneno-1140x855.jpg 1140w, https:\/\/www.cencibel.es\/blog\/wp-content\/uploads\/2020\/06\/Las-protagonistas-de-Veneno.jpg 1600w\" sizes=\"auto, (max-width: 1024px) 100vw, 1024px\" \/><figcaption>Protagonistas de la serie La Veneno<\/figcaption><\/figure><\/div>\n\n\n\n<p>Mascarilla Cencibel Orgullo 2020 es una opci\u00f3n fresca y renovadora para celebrar juntos este a\u00f1o tan especial el PRIDE 2020.<\/p>\n\n<div class=\"kk-star-ratings\n     kksr-valign-bottom     kksr-align-left    \"\n    data-payload=\"{&quot;align&quot;:&quot;left&quot;,&quot;id&quot;:&quot;676&quot;,&quot;slug&quot;:&quot;default&quot;,&quot;valign&quot;:&quot;bottom&quot;,&quot;reference&quot;:&quot;auto&quot;,&quot;count&quot;:&quot;1&quot;,&quot;readonly&quot;:&quot;&quot;,&quot;score&quot;:&quot;5&quot;,&quot;best&quot;:&quot;5&quot;,&quot;gap&quot;:&quot;4&quot;,&quot;greet&quot;:&quot;Rate this post&quot;,&quot;legend&quot;:&quot;5\\\/5 - (1 voto)&quot;,&quot;size&quot;:&quot;24&quot;,&quot;width&quot;:&quot;138&quot;,&quot;_legend&quot;:&quot;{score}\\\/{best} - ({count} {votes})&quot;}\">\n    \n<div class=\"kksr-stars\">\n    \n<div class=\"kksr-stars-inactive\">\n            <div class=\"kksr-star\" data-star=\"1\" style=\"padding-right: 4px\">\n            \n\n<div class=\"kksr-icon\" style=\"width: 24px; height: 24px;\"><\/div>\n        <\/div>\n            <div class=\"kksr-star\" data-star=\"2\" style=\"padding-right: 4px\">\n            \n\n<div class=\"kksr-icon\" style=\"width: 24px; height: 24px;\"><\/div>\n        <\/div>\n            <div class=\"kksr-star\" data-star=\"3\" style=\"padding-right: 4px\">\n            \n\n<div class=\"kksr-icon\" style=\"width: 24px; height: 24px;\"><\/div>\n        <\/div>\n            <div class=\"kksr-star\" data-star=\"4\" style=\"padding-right: 4px\">\n            \n\n<div class=\"kksr-icon\" style=\"width: 24px; height: 24px;\"><\/div>\n        <\/div>\n            <div class=\"kksr-star\" data-star=\"5\" style=\"padding-right: 4px\">\n            \n\n<div class=\"kksr-icon\" style=\"width: 24px; height: 24px;\"><\/div>\n        <\/div>\n    <\/div>\n    \n<div class=\"kksr-stars-active\" style=\"width: 138px;\">\n            <div class=\"kksr-star\" style=\"padding-right: 4px\">\n            \n\n<div class=\"kksr-icon\" style=\"width: 24px; height: 24px;\"><\/div>\n        <\/div>\n            <div class=\"kksr-star\" style=\"padding-right: 4px\">\n            \n\n<div class=\"kksr-icon\" style=\"width: 24px; height: 24px;\"><\/div>\n        <\/div>\n            <div class=\"kksr-star\" style=\"padding-right: 4px\">\n            \n\n<div class=\"kksr-icon\" style=\"width: 24px; height: 24px;\"><\/div>\n        <\/div>\n            <div class=\"kksr-star\" style=\"padding-right: 4px\">\n            \n\n<div class=\"kksr-icon\" style=\"width: 24px; height: 24px;\"><\/div>\n        <\/div>\n            <div class=\"kksr-star\" style=\"padding-right: 4px\">\n            \n\n<div class=\"kksr-icon\" style=\"width: 24px; height: 24px;\"><\/div>\n        <\/div>\n    <\/div>\n<\/div>\n    \n<div class=\"kksr-legend\">\n            5\/5 - (1 voto)    <\/div>\n<\/div>\n","protected":false},"excerpt":{"rendered":"<p>Este a\u00f1o la mascarilla se ha convertido en una prenda de vestir imprescindible en el armario. Desde Cencibel hemos desarrollado varias propuestas y entre ellas creamos dos mascarillas inspiradas en el orgullo gay 2020. Una de de ellas ha sido la bandera del orgullo en sus 6 colores utilizando gomas rojas a contraste para darle un toque m\u00e1s kitsch. Esta mascarilla ha sido la elegida por los pregoneros del Orgullo 2020. Desde Cencibel nos complace que haya sido nuestra mascarilla con dise\u00f1o y fabricaci\u00f3n en Espa\u00f1a la seleccionada para este acto. Adem\u00e1s la mascarilla Cencibel Orgullo 2020 es una de las m\u00e1s frescas y confortables debido a sus materiales eco-friendly. La terraza del hotel Room Mate \u00d3scar, situada en la plaza Pedro Zerolo, ha acogido esta reuni\u00f3n a la que han asistido los pregoneros del Orgullo LGTBI, entre los que encontramos al presentador de\u00a0First Dates\u00a0Carlos Sobera;\u00a0las protagonistas de\u00a0Veneno;\u00a0Isabel Torres,\u00a0Daniela de Santiago,\u00a0Jedet,\u00a0Lola Rodr\u00edguez y\u00a0Paca La Pira\u00f1a; el waterpolista internacional\u00a0V\u00edctor Guti\u00e9rrez\u00a0y la actriz\u00a0Itziar Castro, protagonista de la nueva serie de HBO Espa\u00f1a\u00a0Por H o por B. Mascarilla Cencibel Orgullo 2020 es una opci\u00f3n fresca y renovadora para celebrar juntos este a\u00f1o tan especial el PRIDE 2020. 5\/5 &#8211; (1 voto)<\/p>\n","protected":false},"author":2,"featured_media":678,"comment_status":"open","ping_status":"open","sticky":false,"template":"","format":"standard","meta":{"_monsterinsights_skip_tracking":false,"_monsterinsights_sitenote_active":false,"_monsterinsights_sitenote_note":"","_monsterinsights_sitenote_category":0,"footnotes":""},"categories":[6],"tags":[],"class_list":["post-676","post","type-post","status-publish","format-standard","has-post-thumbnail","hentry","category-articulos-de-prensa-radio-television"],"yoast_head":"<!-- This site is optimized with the Yoast SEO plugin v25.3.1 - https:\/\/yoast.com\/wordpress\/plugins\/seo\/ -->\n<title>Mascarilla Cencibel para los pregoneros del Orgullo 2020 - Cencibel<\/title>\n<meta name=\"description\" content=\"La mascarilla Cencibel ha sido la elegida por los pregoneros del orgullo para la presentaci\u00f3n del preg\u00f3n en la fiesta de este a\u00f1o 2020.\" \/>\n<meta name=\"robots\" content=\"index, follow, max-snippet:-1, max-image-preview:large, max-video-preview:-1\" \/>\n<link rel=\"canonical\" href=\"https:\/\/www.cencibel.es\/blog\/mascarilla-cencibel-para-los-pregoneros-del-orgullo-2020\/\" \/>\n<meta property=\"og:locale\" content=\"es_ES\" \/>\n<meta property=\"og:type\" content=\"article\" \/>\n<meta property=\"og:title\" content=\"Mascarilla Cencibel para los pregoneros del Orgullo 2020 - Cencibel\" \/>\n<meta property=\"og:description\" content=\"La mascarilla Cencibel ha sido la elegida por los pregoneros del orgullo para la presentaci\u00f3n del preg\u00f3n en la fiesta de este a\u00f1o 2020.\" \/>\n<meta property=\"og:url\" content=\"https:\/\/www.cencibel.es\/blog\/mascarilla-cencibel-para-los-pregoneros-del-orgullo-2020\/\" \/>\n<meta property=\"og:site_name\" content=\"Cencibel\" \/>\n<meta property=\"article:publisher\" content=\"https:\/\/www.facebook.com\/cencibel\/\" \/>\n<meta property=\"article:published_time\" content=\"2020-06-28T11:27:36+00:00\" \/>\n<meta property=\"article:modified_time\" content=\"2020-06-28T11:50:44+00:00\" \/>\n<meta property=\"og:image\" content=\"https:\/\/www.cencibel.es\/blog\/wp-content\/uploads\/2020\/06\/Pregoneros-Orgullo-2020.jpg\" \/>\n\t<meta property=\"og:image:width\" content=\"940\" \/>\n\t<meta property=\"og:image:height\" content=\"490\" \/>\n\t<meta property=\"og:image:type\" content=\"image\/jpeg\" \/>\n<meta name=\"author\" content=\"Cencibel\" \/>\n<meta name=\"twitter:card\" content=\"summary_large_image\" \/>\n<meta name=\"twitter:creator\" content=\"@cencibelties\" \/>\n<meta name=\"twitter:site\" content=\"@cencibelties\" \/>\n<meta name=\"twitter:label1\" content=\"Escrito por\" \/>\n\t<meta name=\"twitter:data1\" content=\"Cencibel\" \/>\n\t<meta name=\"twitter:label2\" content=\"Tiempo de lectura\" \/>\n\t<meta name=\"twitter:data2\" content=\"1 minuto\" \/>\n<script type=\"application\/ld+json\" class=\"yoast-schema-graph\">{\"@context\":\"https:\/\/schema.org\",\"@graph\":[{\"@type\":\"Article\",\"@id\":\"https:\/\/www.cencibel.es\/blog\/mascarilla-cencibel-para-los-pregoneros-del-orgullo-2020\/#article\",\"isPartOf\":{\"@id\":\"https:\/\/www.cencibel.es\/blog\/mascarilla-cencibel-para-los-pregoneros-del-orgullo-2020\/\"},\"author\":{\"name\":\"Cencibel\",\"@id\":\"https:\/\/www.cencibel.es\/blog\/#\/schema\/person\/8b2fc92ea0a3467fd6c2e3c2f7d100a2\"},\"headline\":\"Mascarilla Cencibel para los pregoneros del Orgullo 2020\",\"datePublished\":\"2020-06-28T11:27:36+00:00\",\"dateModified\":\"2020-06-28T11:50:44+00:00\",\"mainEntityOfPage\":{\"@id\":\"https:\/\/www.cencibel.es\/blog\/mascarilla-cencibel-para-los-pregoneros-del-orgullo-2020\/\"},\"wordCount\":229,\"commentCount\":0,\"publisher\":{\"@id\":\"https:\/\/www.cencibel.es\/blog\/#organization\"},\"image\":{\"@id\":\"https:\/\/www.cencibel.es\/blog\/mascarilla-cencibel-para-los-pregoneros-del-orgullo-2020\/#primaryimage\"},\"thumbnailUrl\":\"https:\/\/www.cencibel.es\/blog\/wp-content\/uploads\/2020\/06\/Pregoneros-Orgullo-2020.jpg\",\"articleSection\":[\"Prensa\"],\"inLanguage\":\"es\",\"potentialAction\":[{\"@type\":\"CommentAction\",\"name\":\"Comment\",\"target\":[\"https:\/\/www.cencibel.es\/blog\/mascarilla-cencibel-para-los-pregoneros-del-orgullo-2020\/#respond\"]}]},{\"@type\":\"WebPage\",\"@id\":\"https:\/\/www.cencibel.es\/blog\/mascarilla-cencibel-para-los-pregoneros-del-orgullo-2020\/\",\"url\":\"https:\/\/www.cencibel.es\/blog\/mascarilla-cencibel-para-los-pregoneros-del-orgullo-2020\/\",\"name\":\"Mascarilla Cencibel para los pregoneros del Orgullo 2020 - Cencibel\",\"isPartOf\":{\"@id\":\"https:\/\/www.cencibel.es\/blog\/#website\"},\"primaryImageOfPage\":{\"@id\":\"https:\/\/www.cencibel.es\/blog\/mascarilla-cencibel-para-los-pregoneros-del-orgullo-2020\/#primaryimage\"},\"image\":{\"@id\":\"https:\/\/www.cencibel.es\/blog\/mascarilla-cencibel-para-los-pregoneros-del-orgullo-2020\/#primaryimage\"},\"thumbnailUrl\":\"https:\/\/www.cencibel.es\/blog\/wp-content\/uploads\/2020\/06\/Pregoneros-Orgullo-2020.jpg\",\"datePublished\":\"2020-06-28T11:27:36+00:00\",\"dateModified\":\"2020-06-28T11:50:44+00:00\",\"description\":\"La mascarilla Cencibel ha sido la elegida por los pregoneros del orgullo para la presentaci\u00f3n del preg\u00f3n en la fiesta de este a\u00f1o 2020.\",\"breadcrumb\":{\"@id\":\"https:\/\/www.cencibel.es\/blog\/mascarilla-cencibel-para-los-pregoneros-del-orgullo-2020\/#breadcrumb\"},\"inLanguage\":\"es\",\"potentialAction\":[{\"@type\":\"ReadAction\",\"target\":[\"https:\/\/www.cencibel.es\/blog\/mascarilla-cencibel-para-los-pregoneros-del-orgullo-2020\/\"]}]},{\"@type\":\"ImageObject\",\"inLanguage\":\"es\",\"@id\":\"https:\/\/www.cencibel.es\/blog\/mascarilla-cencibel-para-los-pregoneros-del-orgullo-2020\/#primaryimage\",\"url\":\"https:\/\/www.cencibel.es\/blog\/wp-content\/uploads\/2020\/06\/Pregoneros-Orgullo-2020.jpg\",\"contentUrl\":\"https:\/\/www.cencibel.es\/blog\/wp-content\/uploads\/2020\/06\/Pregoneros-Orgullo-2020.jpg\",\"width\":940,\"height\":490,\"caption\":\"Mascarilla Cencibel Orgullo 2020\"},{\"@type\":\"BreadcrumbList\",\"@id\":\"https:\/\/www.cencibel.es\/blog\/mascarilla-cencibel-para-los-pregoneros-del-orgullo-2020\/#breadcrumb\",\"itemListElement\":[{\"@type\":\"ListItem\",\"position\":1,\"name\":\"Portada\",\"item\":\"https:\/\/www.cencibel.es\/blog\/\"},{\"@type\":\"ListItem\",\"position\":2,\"name\":\"Mascarilla Cencibel para los pregoneros del Orgullo 2020\"}]},{\"@type\":\"WebSite\",\"@id\":\"https:\/\/www.cencibel.es\/blog\/#website\",\"url\":\"https:\/\/www.cencibel.es\/blog\/\",\"name\":\"Cencibel\",\"description\":\"Blog de moda masculina\",\"publisher\":{\"@id\":\"https:\/\/www.cencibel.es\/blog\/#organization\"},\"potentialAction\":[{\"@type\":\"SearchAction\",\"target\":{\"@type\":\"EntryPoint\",\"urlTemplate\":\"https:\/\/www.cencibel.es\/blog\/?s={search_term_string}\"},\"query-input\":{\"@type\":\"PropertyValueSpecification\",\"valueRequired\":true,\"valueName\":\"search_term_string\"}}],\"inLanguage\":\"es\"},{\"@type\":\"Organization\",\"@id\":\"https:\/\/www.cencibel.es\/blog\/#organization\",\"name\":\"CENCIBEL\",\"url\":\"https:\/\/www.cencibel.es\/blog\/\",\"logo\":{\"@type\":\"ImageObject\",\"inLanguage\":\"es\",\"@id\":\"https:\/\/www.cencibel.es\/blog\/#\/schema\/logo\/image\/\",\"url\":\"https:\/\/www.cencibel.es\/blog\/wp-content\/uploads\/2020\/04\/logo-cencibel.png\",\"contentUrl\":\"https:\/\/www.cencibel.es\/blog\/wp-content\/uploads\/2020\/04\/logo-cencibel.png\",\"width\":157,\"height\":129,\"caption\":\"CENCIBEL\"},\"image\":{\"@id\":\"https:\/\/www.cencibel.es\/blog\/#\/schema\/logo\/image\/\"},\"sameAs\":[\"https:\/\/www.facebook.com\/cencibel\/\",\"https:\/\/x.com\/cencibelties\"]},{\"@type\":\"Person\",\"@id\":\"https:\/\/www.cencibel.es\/blog\/#\/schema\/person\/8b2fc92ea0a3467fd6c2e3c2f7d100a2\",\"name\":\"Cencibel\",\"image\":{\"@type\":\"ImageObject\",\"inLanguage\":\"es\",\"@id\":\"https:\/\/www.cencibel.es\/blog\/#\/schema\/person\/image\/\",\"url\":\"https:\/\/secure.gravatar.com\/avatar\/f18f4c495d7668060b70ea4d64213c64cb98fd0d06d267a1c1d8208bcb93f77b?s=96&d=mm&r=g\",\"contentUrl\":\"https:\/\/secure.gravatar.com\/avatar\/f18f4c495d7668060b70ea4d64213c64cb98fd0d06d267a1c1d8208bcb93f77b?s=96&d=mm&r=g\",\"caption\":\"Cencibel\"},\"sameAs\":[\"https:\/\/www.cencibel.es\"]}]}<\/script>\n<!-- \/ Yoast SEO plugin. -->","yoast_head_json":{"title":"Mascarilla Cencibel para los pregoneros del Orgullo 2020 - Cencibel","description":"La mascarilla Cencibel ha sido la elegida por los pregoneros del orgullo para la presentaci\u00f3n del preg\u00f3n en la fiesta de este a\u00f1o 2020.","robots":{"index":"index","follow":"follow","max-snippet":"max-snippet:-1","max-image-preview":"max-image-preview:large","max-video-preview":"max-video-preview:-1"},"canonical":"https:\/\/www.cencibel.es\/blog\/mascarilla-cencibel-para-los-pregoneros-del-orgullo-2020\/","og_locale":"es_ES","og_type":"article","og_title":"Mascarilla Cencibel para los pregoneros del Orgullo 2020 - Cencibel","og_description":"La mascarilla Cencibel ha sido la elegida por los pregoneros del orgullo para la presentaci\u00f3n del preg\u00f3n en la fiesta de este a\u00f1o 2020.","og_url":"https:\/\/www.cencibel.es\/blog\/mascarilla-cencibel-para-los-pregoneros-del-orgullo-2020\/","og_site_name":"Cencibel","article_publisher":"https:\/\/www.facebook.com\/cencibel\/","article_published_time":"2020-06-28T11:27:36+00:00","article_modified_time":"2020-06-28T11:50:44+00:00","og_image":[{"width":940,"height":490,"url":"https:\/\/www.cencibel.es\/blog\/wp-content\/uploads\/2020\/06\/Pregoneros-Orgullo-2020.jpg","type":"image\/jpeg"}],"author":"Cencibel","twitter_card":"summary_large_image","twitter_creator":"@cencibelties","twitter_site":"@cencibelties","twitter_misc":{"Escrito por":"Cencibel","Tiempo de lectura":"1 minuto"},"schema":{"@context":"https:\/\/schema.org","@graph":[{"@type":"Article","@id":"https:\/\/www.cencibel.es\/blog\/mascarilla-cencibel-para-los-pregoneros-del-orgullo-2020\/#article","isPartOf":{"@id":"https:\/\/www.cencibel.es\/blog\/mascarilla-cencibel-para-los-pregoneros-del-orgullo-2020\/"},"author":{"name":"Cencibel","@id":"https:\/\/www.cencibel.es\/blog\/#\/schema\/person\/8b2fc92ea0a3467fd6c2e3c2f7d100a2"},"headline":"Mascarilla Cencibel para los pregoneros del Orgullo 2020","datePublished":"2020-06-28T11:27:36+00:00","dateModified":"2020-06-28T11:50:44+00:00","mainEntityOfPage":{"@id":"https:\/\/www.cencibel.es\/blog\/mascarilla-cencibel-para-los-pregoneros-del-orgullo-2020\/"},"wordCount":229,"commentCount":0,"publisher":{"@id":"https:\/\/www.cencibel.es\/blog\/#organization"},"image":{"@id":"https:\/\/www.cencibel.es\/blog\/mascarilla-cencibel-para-los-pregoneros-del-orgullo-2020\/#primaryimage"},"thumbnailUrl":"https:\/\/www.cencibel.es\/blog\/wp-content\/uploads\/2020\/06\/Pregoneros-Orgullo-2020.jpg","articleSection":["Prensa"],"inLanguage":"es","potentialAction":[{"@type":"CommentAction","name":"Comment","target":["https:\/\/www.cencibel.es\/blog\/mascarilla-cencibel-para-los-pregoneros-del-orgullo-2020\/#respond"]}]},{"@type":"WebPage","@id":"https:\/\/www.cencibel.es\/blog\/mascarilla-cencibel-para-los-pregoneros-del-orgullo-2020\/","url":"https:\/\/www.cencibel.es\/blog\/mascarilla-cencibel-para-los-pregoneros-del-orgullo-2020\/","name":"Mascarilla Cencibel para los pregoneros del Orgullo 2020 - Cencibel","isPartOf":{"@id":"https:\/\/www.cencibel.es\/blog\/#website"},"primaryImageOfPage":{"@id":"https:\/\/www.cencibel.es\/blog\/mascarilla-cencibel-para-los-pregoneros-del-orgullo-2020\/#primaryimage"},"image":{"@id":"https:\/\/www.cencibel.es\/blog\/mascarilla-cencibel-para-los-pregoneros-del-orgullo-2020\/#primaryimage"},"thumbnailUrl":"https:\/\/www.cencibel.es\/blog\/wp-content\/uploads\/2020\/06\/Pregoneros-Orgullo-2020.jpg","datePublished":"2020-06-28T11:27:36+00:00","dateModified":"2020-06-28T11:50:44+00:00","description":"La mascarilla Cencibel ha sido la elegida por los pregoneros del orgullo para la presentaci\u00f3n del preg\u00f3n en la fiesta de este a\u00f1o 2020.","breadcrumb":{"@id":"https:\/\/www.cencibel.es\/blog\/mascarilla-cencibel-para-los-pregoneros-del-orgullo-2020\/#breadcrumb"},"inLanguage":"es","potentialAction":[{"@type":"ReadAction","target":["https:\/\/www.cencibel.es\/blog\/mascarilla-cencibel-para-los-pregoneros-del-orgullo-2020\/"]}]},{"@type":"ImageObject","inLanguage":"es","@id":"https:\/\/www.cencibel.es\/blog\/mascarilla-cencibel-para-los-pregoneros-del-orgullo-2020\/#primaryimage","url":"https:\/\/www.cencibel.es\/blog\/wp-content\/uploads\/2020\/06\/Pregoneros-Orgullo-2020.jpg","contentUrl":"https:\/\/www.cencibel.es\/blog\/wp-content\/uploads\/2020\/06\/Pregoneros-Orgullo-2020.jpg","width":940,"height":490,"caption":"Mascarilla Cencibel Orgullo 2020"},{"@type":"BreadcrumbList","@id":"https:\/\/www.cencibel.es\/blog\/mascarilla-cencibel-para-los-pregoneros-del-orgullo-2020\/#breadcrumb","itemListElement":[{"@type":"ListItem","position":1,"name":"Portada","item":"https:\/\/www.cencibel.es\/blog\/"},{"@type":"ListItem","position":2,"name":"Mascarilla Cencibel para los pregoneros del Orgullo 2020"}]},{"@type":"WebSite","@id":"https:\/\/www.cencibel.es\/blog\/#website","url":"https:\/\/www.cencibel.es\/blog\/","name":"Cencibel","description":"Blog de moda masculina","publisher":{"@id":"https:\/\/www.cencibel.es\/blog\/#organization"},"potentialAction":[{"@type":"SearchAction","target":{"@type":"EntryPoint","urlTemplate":"https:\/\/www.cencibel.es\/blog\/?s={search_term_string}"},"query-input":{"@type":"PropertyValueSpecification","valueRequired":true,"valueName":"search_term_string"}}],"inLanguage":"es"},{"@type":"Organization","@id":"https:\/\/www.cencibel.es\/blog\/#organization","name":"CENCIBEL","url":"https:\/\/www.cencibel.es\/blog\/","logo":{"@type":"ImageObject","inLanguage":"es","@id":"https:\/\/www.cencibel.es\/blog\/#\/schema\/logo\/image\/","url":"https:\/\/www.cencibel.es\/blog\/wp-content\/uploads\/2020\/04\/logo-cencibel.png","contentUrl":"https:\/\/www.cencibel.es\/blog\/wp-content\/uploads\/2020\/04\/logo-cencibel.png","width":157,"height":129,"caption":"CENCIBEL"},"image":{"@id":"https:\/\/www.cencibel.es\/blog\/#\/schema\/logo\/image\/"},"sameAs":["https:\/\/www.facebook.com\/cencibel\/","https:\/\/x.com\/cencibelties"]},{"@type":"Person","@id":"https:\/\/www.cencibel.es\/blog\/#\/schema\/person\/8b2fc92ea0a3467fd6c2e3c2f7d100a2","name":"Cencibel","image":{"@type":"ImageObject","inLanguage":"es","@id":"https:\/\/www.cencibel.es\/blog\/#\/schema\/person\/image\/","url":"https:\/\/secure.gravatar.com\/avatar\/f18f4c495d7668060b70ea4d64213c64cb98fd0d06d267a1c1d8208bcb93f77b?s=96&d=mm&r=g","contentUrl":"https:\/\/secure.gravatar.com\/avatar\/f18f4c495d7668060b70ea4d64213c64cb98fd0d06d267a1c1d8208bcb93f77b?s=96&d=mm&r=g","caption":"Cencibel"},"sameAs":["https:\/\/www.cencibel.es"]}]}},"_links":{"self":[{"href":"https:\/\/www.cencibel.es\/blog\/wp-json\/wp\/v2\/posts\/676","targetHints":{"allow":["GET"]}}],"collection":[{"href":"https:\/\/www.cencibel.es\/blog\/wp-json\/wp\/v2\/posts"}],"about":[{"href":"https:\/\/www.cencibel.es\/blog\/wp-json\/wp\/v2\/types\/post"}],"author":[{"embeddable":true,"href":"https:\/\/www.cencibel.es\/blog\/wp-json\/wp\/v2\/users\/2"}],"replies":[{"embeddable":true,"href":"https:\/\/www.cencibel.es\/blog\/wp-json\/wp\/v2\/comments?post=676"}],"version-history":[{"count":10,"href":"https:\/\/www.cencibel.es\/blog\/wp-json\/wp\/v2\/posts\/676\/revisions"}],"predecessor-version":[{"id":689,"href":"https:\/\/www.cencibel.es\/blog\/wp-json\/wp\/v2\/posts\/676\/revisions\/689"}],"wp:featuredmedia":[{"embeddable":true,"href":"https:\/\/www.cencibel.es\/blog\/wp-json\/wp\/v2\/media\/678"}],"wp:attachment":[{"href":"https:\/\/www.cencibel.es\/blog\/wp-json\/wp\/v2\/media?parent=676"}],"wp:term":[{"taxonomy":"category","embeddable":true,"href":"https:\/\/www.cencibel.es\/blog\/wp-json\/wp\/v2\/categories?post=676"},{"taxonomy":"post_tag","embeddable":true,"href":"https:\/\/www.cencibel.es\/blog\/wp-json\/wp\/v2\/tags?post=676"}],"curies":[{"name":"wp","href":"https:\/\/api.w.org\/{rel}","templated":true}]}}