{"id":725,"date":"2021-01-17T12:02:29","date_gmt":"2021-01-17T11:02:29","guid":{"rendered":"https:\/\/www.cencibel.es\/blog\/?p=725"},"modified":"2024-12-19T13:10:50","modified_gmt":"2024-12-19T12:10:50","slug":"la-mascorbata","status":"publish","type":"post","link":"https:\/\/www.cencibel.es\/blog\/la-mascorbata\/","title":{"rendered":"La Mascorbata"},"content":{"rendered":"\n<p>En los \u00faltimos d\u00edas se ha hecho viral en las <a href=\"https:\/\/www.elcorreo.com\/bizkaiadmoda\/moda\/mascarilla-coronavirus-covid-corbata-convierte-oficina-italia-20210111203453-nt.html\">redes sociales<\/a> la \u00abMascorbata\u00bb. En s\u00edntesis es una corbata que en la parte estrecha trasera \u00abcodino\u00bb est\u00e1 descosida y lleva 2 gomas ocultas. Esta parte la levantas y la ajustas a la cara a modo de la mascarilla tradicional colocando dichas gomas a las orejas. Esta innovaci\u00f3n, la Mascorbata, ha venido del ingenio italiano a modo de prenda friki o simp\u00e1tica.<\/p>\n\n\n\n<figure class=\"wp-block-video\"><video height=\"848\" style=\"aspect-ratio: 480 \/ 848;\" width=\"480\" controls src=\"https:\/\/www.cencibel.es\/blog\/wp-content\/uploads\/2021\/01\/MasCorbata.mp4\"><\/video><\/figure>\n\n\n\n<p>Desde Cencibel nos dedicamos desde hace m\u00e1s de 30 a\u00f1os a la fabricaci\u00f3n de corbatas y desde el inicio de la pandemia a la fabricaci\u00f3n de mascarilla homologadas y certificadas seg\u00fan la norma UNE0065. Bas\u00e1ndonos en nuestro conocimiento de estos dos productos desaconsejamos la utilizaci\u00f3n de la Mascorbata como prenda de protecci\u00f3n frente al COVID por los siguiente motivos.<\/p>\n\n\n\n<h3 class=\"wp-block-heading\">Incovenientes de La Mascorbata:<\/h3>\n\n\n\n<ul class=\"wp-block-list\">\n<li>La mascarilla es un elemento de protecci\u00f3n frente al virus por tanto debe estar fabricada con tejido homologado hidr\u00f3fugo que cumpla 2 requisitos de protecci\u00f3n frente a la filtraci\u00f3n bacteriana y respirabilidad. Evidentemente el tejido con el que est\u00e1n fabricadas las corbatas no cumplen est\u00e1s exigencias.<\/li>\n\n\n\n<li>La mascarilla debe adaptarse a la cara perfectamente sin dejar huecos que produzcan filtraciones. Por tanto es necesario que lleve un stick nasal para adaptarse a la nariz. En este caso no existe dicho stick nasal<\/li>\n\n\n\n<li>La mascarilla se debe desinfectar despu\u00e9s de cada uso. Hay 2 m\u00e9todos que cumplen con esta normal. Lavar a m\u00e1s de 60\u00ba la prenda o sumergir durante 30 minutos en una disoluci\u00f3n de lej\u00eda y agua. No parece pr\u00e1ctica para una corbata ninguno de los 2 m\u00e9todos sobre todo cuando las entretelas de la corbata se destrozan si se utiliza cualquiera de estos m\u00e9todos.<\/li>\n\n\n\n<li>La mascarilla es obligatorio que recubra perfectamente todo el ment\u00f3n de la barbilla evitando que las microgotas que generamos al respirar caigan libremente. C\u00f3mo se puede apreciar no cumple tampoco con este requisito.<\/li>\n<\/ul>\n\n\n\n<p>Despu\u00e9s de los puntos expuestos consideramos que la Mascorbata no es una buena soluci\u00f3n de protecci\u00f3n frente al coronavirus.<\/p>\n\n\n\n<h3 class=\"wp-block-heading\">Soluci\u00f3n para vestir formal y protegido<\/h3>\n\n\n\n<p>Desde Cencibel recomendamos que se use la corbata de manera independiente de la mascarilla. A\u00fan as\u00ed para aquellos que quieran seguir llevando una imagen formal y conjuntada hemos desarrollado unos <a href=\"https:\/\/www.cencibel.es\/corbatas\/corbata-mascarilla-conjunto\">pack de mascarilla y corbata<\/a> fabricados con el mismo tejido.<\/p>\n\n\n\n<figure class=\"wp-block-image size-large\"><img loading=\"lazy\" decoding=\"async\" width=\"1024\" height=\"1024\" src=\"https:\/\/www.cencibel.es\/blog\/wp-content\/uploads\/2021\/01\/Conjunto09-1024x1024.jpg\" alt=\"\" class=\"wp-image-730\" srcset=\"https:\/\/www.cencibel.es\/blog\/wp-content\/uploads\/2021\/01\/Conjunto09-1024x1024.jpg 1024w, https:\/\/www.cencibel.es\/blog\/wp-content\/uploads\/2021\/01\/Conjunto09-300x300.jpg 300w, https:\/\/www.cencibel.es\/blog\/wp-content\/uploads\/2021\/01\/Conjunto09-150x150.jpg 150w, https:\/\/www.cencibel.es\/blog\/wp-content\/uploads\/2021\/01\/Conjunto09-768x768.jpg 768w, https:\/\/www.cencibel.es\/blog\/wp-content\/uploads\/2021\/01\/Conjunto09-1140x1140.jpg 1140w, https:\/\/www.cencibel.es\/blog\/wp-content\/uploads\/2021\/01\/Conjunto09-75x75.jpg 75w, https:\/\/www.cencibel.es\/blog\/wp-content\/uploads\/2021\/01\/Conjunto09.jpg 1200w\" sizes=\"auto, (max-width: 1024px) 100vw, 1024px\" \/><\/figure>\n\n\n\n<p>Por una lado se ha fabricado la mascarilla con un tejido base de algod\u00f3n hidr\u00f3fugo sanitario que cumple los requisitos de respirabilidad y protecci\u00f3n bacteriana y por otro se le ha puesto la capa exterior decorativa de seda estampada con la que se ha fabricado la corbata tambi\u00e9n.<\/p>\n\n\n\n<p>De esta manera conseguimos un conjunto elegante para todos nuestros encuentros laborales o familiares que requieran una vestimenta m\u00e1s formal.<\/p>\n\n\n\n<p>A\u00fan as\u00ed si no nos atrevemos a llevar este conjunto siempre podremos optar por la opci\u00f3n de corbata estampada y mascarilla lisa en un color neutro como azul marino o negro. Esta soluci\u00f3n siempre ser\u00e1 un acierto seguro para cualquier <em>look<\/em>.<\/p>\n\n\n\n<figure class=\"wp-block-image size-large\"><img decoding=\"async\" src=\"https:\/\/www.cencibel.es\/blog\/wp-content\/uploads\/2021\/01\/Mascarilla-Azul-Marino-1024x1024.jpg\" alt=\"\" class=\"wp-image-731\"\/><\/figure>\n\n<div class=\"kk-star-ratings\n     kksr-valign-bottom     kksr-align-left    \"\n    data-payload=\"{&quot;align&quot;:&quot;left&quot;,&quot;id&quot;:&quot;725&quot;,&quot;slug&quot;:&quot;default&quot;,&quot;valign&quot;:&quot;bottom&quot;,&quot;reference&quot;:&quot;auto&quot;,&quot;count&quot;:&quot;0&quot;,&quot;readonly&quot;:&quot;&quot;,&quot;score&quot;:&quot;0&quot;,&quot;best&quot;:&quot;5&quot;,&quot;gap&quot;:&quot;4&quot;,&quot;greet&quot;:&quot;Rate this post&quot;,&quot;legend&quot;:&quot;0\\\/5 - (0 votos)&quot;,&quot;size&quot;:&quot;24&quot;,&quot;width&quot;:&quot;0&quot;,&quot;_legend&quot;:&quot;{score}\\\/{best} - ({count} {votes})&quot;}\">\n    \n<div class=\"kksr-stars\">\n    \n<div class=\"kksr-stars-inactive\">\n            <div class=\"kksr-star\" data-star=\"1\" style=\"padding-right: 4px\">\n            \n\n<div class=\"kksr-icon\" style=\"width: 24px; height: 24px;\"><\/div>\n        <\/div>\n            <div class=\"kksr-star\" data-star=\"2\" style=\"padding-right: 4px\">\n            \n\n<div class=\"kksr-icon\" style=\"width: 24px; height: 24px;\"><\/div>\n        <\/div>\n            <div class=\"kksr-star\" data-star=\"3\" style=\"padding-right: 4px\">\n            \n\n<div class=\"kksr-icon\" style=\"width: 24px; height: 24px;\"><\/div>\n        <\/div>\n            <div class=\"kksr-star\" data-star=\"4\" style=\"padding-right: 4px\">\n            \n\n<div class=\"kksr-icon\" style=\"width: 24px; height: 24px;\"><\/div>\n        <\/div>\n            <div class=\"kksr-star\" data-star=\"5\" style=\"padding-right: 4px\">\n            \n\n<div class=\"kksr-icon\" style=\"width: 24px; height: 24px;\"><\/div>\n        <\/div>\n    <\/div>\n    \n<div class=\"kksr-stars-active\" style=\"width: 0px;\">\n            <div class=\"kksr-star\" style=\"padding-right: 4px\">\n            \n\n<div class=\"kksr-icon\" style=\"width: 24px; height: 24px;\"><\/div>\n        <\/div>\n            <div class=\"kksr-star\" style=\"padding-right: 4px\">\n            \n\n<div class=\"kksr-icon\" style=\"width: 24px; height: 24px;\"><\/div>\n        <\/div>\n            <div class=\"kksr-star\" style=\"padding-right: 4px\">\n            \n\n<div class=\"kksr-icon\" style=\"width: 24px; height: 24px;\"><\/div>\n        <\/div>\n            <div class=\"kksr-star\" style=\"padding-right: 4px\">\n            \n\n<div class=\"kksr-icon\" style=\"width: 24px; height: 24px;\"><\/div>\n        <\/div>\n            <div class=\"kksr-star\" style=\"padding-right: 4px\">\n            \n\n<div class=\"kksr-icon\" style=\"width: 24px; height: 24px;\"><\/div>\n        <\/div>\n    <\/div>\n<\/div>\n    \n<div class=\"kksr-legend\">\n            <span class=\"kksr-muted\">Rate this post<\/span>\n    <\/div>\n<\/div>\n","protected":false},"excerpt":{"rendered":"<p>En los \u00faltimos d\u00edas se ha hecho viral en las redes sociales la \u00abMascorbata\u00bb. En s\u00edntesis es una corbata que en la parte estrecha trasera \u00abcodino\u00bb est\u00e1 descosida y lleva 2 gomas ocultas. Esta parte la levantas y la ajustas a la cara a modo de la mascarilla tradicional colocando dichas gomas a las orejas. Esta innovaci\u00f3n, la Mascorbata, ha venido del ingenio italiano a modo de prenda friki o simp\u00e1tica. Desde Cencibel nos dedicamos desde hace m\u00e1s de 30 a\u00f1os a la fabricaci\u00f3n de corbatas y desde el inicio de la pandemia a la fabricaci\u00f3n de mascarilla homologadas y certificadas seg\u00fan la norma UNE0065. Bas\u00e1ndonos en nuestro conocimiento de estos dos productos desaconsejamos la utilizaci\u00f3n de la Mascorbata como prenda de protecci\u00f3n frente al COVID por los siguiente motivos. Incovenientes de La Mascorbata: Despu\u00e9s de los puntos expuestos consideramos que la Mascorbata no es una buena soluci\u00f3n de protecci\u00f3n frente al coronavirus. Soluci\u00f3n para vestir formal y protegido Desde Cencibel recomendamos que se use la corbata de manera independiente de la mascarilla. A\u00fan as\u00ed para aquellos que quieran seguir llevando una imagen formal y conjuntada hemos desarrollado unos pack de mascarilla y corbata fabricados con el mismo tejido. Por una lado se ha fabricado la mascarilla con un tejido base de algod\u00f3n hidr\u00f3fugo sanitario que cumple los requisitos de respirabilidad y protecci\u00f3n bacteriana y por otro se le ha puesto la capa exterior decorativa de seda estampada con la que se ha fabricado la corbata tambi\u00e9n. De esta manera conseguimos un conjunto elegante para todos nuestros encuentros laborales o familiares que requieran una vestimenta m\u00e1s formal. A\u00fan as\u00ed si no nos atrevemos a llevar este conjunto siempre podremos optar por la opci\u00f3n de corbata estampada y mascarilla lisa en un color neutro como azul marino o negro. Esta soluci\u00f3n siempre ser\u00e1 un acierto seguro para cualquier look. Rate this post<\/p>\n","protected":false},"author":2,"featured_media":735,"comment_status":"open","ping_status":"open","sticky":false,"template":"","format":"standard","meta":{"_monsterinsights_skip_tracking":false,"_monsterinsights_sitenote_active":false,"_monsterinsights_sitenote_note":"","_monsterinsights_sitenote_category":0,"footnotes":""},"categories":[2,7],"tags":[14,15,13],"class_list":["post-725","post","type-post","status-publish","format-standard","has-post-thumbnail","hentry","category-moda-masculina","category-inspiracion-guia-de-estilo","tag-corbata","tag-mascarillacorbata","tag-mascorbata"],"yoast_head":"<!-- This site is optimized with the Yoast SEO plugin v25.3.1 - https:\/\/yoast.com\/wordpress\/plugins\/seo\/ -->\n<title>La Mascorbata - Cencibel<\/title>\n<meta name=\"description\" content=\"La Mascorbata es un conjunto de mascarilla y corbata a juego. Recomendamos que se use por separado y no unido en la misma prenda.\" \/>\n<meta name=\"robots\" content=\"index, follow, max-snippet:-1, max-image-preview:large, max-video-preview:-1\" \/>\n<link rel=\"canonical\" href=\"https:\/\/www.cencibel.es\/blog\/la-mascorbata\/\" \/>\n<meta property=\"og:locale\" content=\"es_ES\" \/>\n<meta property=\"og:type\" content=\"article\" \/>\n<meta property=\"og:title\" content=\"La Mascorbata - Cencibel\" \/>\n<meta property=\"og:description\" content=\"La Mascorbata es un conjunto de mascarilla y corbata a juego. Recomendamos que se use por separado y no unido en la misma prenda.\" \/>\n<meta property=\"og:url\" content=\"https:\/\/www.cencibel.es\/blog\/la-mascorbata\/\" \/>\n<meta property=\"og:site_name\" content=\"Cencibel\" \/>\n<meta property=\"article:publisher\" content=\"https:\/\/www.facebook.com\/cencibel\/\" \/>\n<meta property=\"article:published_time\" content=\"2021-01-17T11:02:29+00:00\" \/>\n<meta property=\"article:modified_time\" content=\"2024-12-19T12:10:50+00:00\" \/>\n<meta property=\"og:image\" content=\"https:\/\/www.cencibel.es\/blog\/wp-content\/uploads\/2021\/01\/Mascarilla-Negra-e1610881734720.jpg\" \/>\n\t<meta property=\"og:image:width\" content=\"1200\" \/>\n\t<meta property=\"og:image:height\" content=\"672\" \/>\n\t<meta property=\"og:image:type\" content=\"image\/jpeg\" \/>\n<meta name=\"author\" content=\"Cencibel\" \/>\n<meta name=\"twitter:card\" content=\"summary_large_image\" \/>\n<meta name=\"twitter:creator\" content=\"@cencibelties\" \/>\n<meta name=\"twitter:site\" content=\"@cencibelties\" \/>\n<meta name=\"twitter:label1\" content=\"Escrito por\" \/>\n\t<meta name=\"twitter:data1\" content=\"Cencibel\" \/>\n\t<meta name=\"twitter:label2\" content=\"Tiempo de lectura\" \/>\n\t<meta name=\"twitter:data2\" content=\"3 minutos\" \/>\n<script type=\"application\/ld+json\" class=\"yoast-schema-graph\">{\"@context\":\"https:\/\/schema.org\",\"@graph\":[{\"@type\":\"Article\",\"@id\":\"https:\/\/www.cencibel.es\/blog\/la-mascorbata\/#article\",\"isPartOf\":{\"@id\":\"https:\/\/www.cencibel.es\/blog\/la-mascorbata\/\"},\"author\":{\"name\":\"Cencibel\",\"@id\":\"https:\/\/www.cencibel.es\/blog\/#\/schema\/person\/8b2fc92ea0a3467fd6c2e3c2f7d100a2\"},\"headline\":\"La Mascorbata\",\"datePublished\":\"2021-01-17T11:02:29+00:00\",\"dateModified\":\"2024-12-19T12:10:50+00:00\",\"mainEntityOfPage\":{\"@id\":\"https:\/\/www.cencibel.es\/blog\/la-mascorbata\/\"},\"wordCount\":523,\"commentCount\":0,\"publisher\":{\"@id\":\"https:\/\/www.cencibel.es\/blog\/#organization\"},\"image\":{\"@id\":\"https:\/\/www.cencibel.es\/blog\/la-mascorbata\/#primaryimage\"},\"thumbnailUrl\":\"https:\/\/www.cencibel.es\/blog\/wp-content\/uploads\/2021\/01\/Mascarilla-Negra-e1610881734720.jpg\",\"keywords\":[\"Corbata\",\"MascarillaCorbata\",\"Mascorbata\"],\"articleSection\":[\"Estilo\",\"Inspiraci\u00f3n\"],\"inLanguage\":\"es\",\"potentialAction\":[{\"@type\":\"CommentAction\",\"name\":\"Comment\",\"target\":[\"https:\/\/www.cencibel.es\/blog\/la-mascorbata\/#respond\"]}]},{\"@type\":\"WebPage\",\"@id\":\"https:\/\/www.cencibel.es\/blog\/la-mascorbata\/\",\"url\":\"https:\/\/www.cencibel.es\/blog\/la-mascorbata\/\",\"name\":\"La Mascorbata - Cencibel\",\"isPartOf\":{\"@id\":\"https:\/\/www.cencibel.es\/blog\/#website\"},\"primaryImageOfPage\":{\"@id\":\"https:\/\/www.cencibel.es\/blog\/la-mascorbata\/#primaryimage\"},\"image\":{\"@id\":\"https:\/\/www.cencibel.es\/blog\/la-mascorbata\/#primaryimage\"},\"thumbnailUrl\":\"https:\/\/www.cencibel.es\/blog\/wp-content\/uploads\/2021\/01\/Mascarilla-Negra-e1610881734720.jpg\",\"datePublished\":\"2021-01-17T11:02:29+00:00\",\"dateModified\":\"2024-12-19T12:10:50+00:00\",\"description\":\"La Mascorbata es un conjunto de mascarilla y corbata a juego. Recomendamos que se use por separado y no unido en la misma prenda.\",\"breadcrumb\":{\"@id\":\"https:\/\/www.cencibel.es\/blog\/la-mascorbata\/#breadcrumb\"},\"inLanguage\":\"es\",\"potentialAction\":[{\"@type\":\"ReadAction\",\"target\":[\"https:\/\/www.cencibel.es\/blog\/la-mascorbata\/\"]}]},{\"@type\":\"ImageObject\",\"inLanguage\":\"es\",\"@id\":\"https:\/\/www.cencibel.es\/blog\/la-mascorbata\/#primaryimage\",\"url\":\"https:\/\/www.cencibel.es\/blog\/wp-content\/uploads\/2021\/01\/Mascarilla-Negra-e1610881734720.jpg\",\"contentUrl\":\"https:\/\/www.cencibel.es\/blog\/wp-content\/uploads\/2021\/01\/Mascarilla-Negra-e1610881734720.jpg\",\"width\":1200,\"height\":672},{\"@type\":\"BreadcrumbList\",\"@id\":\"https:\/\/www.cencibel.es\/blog\/la-mascorbata\/#breadcrumb\",\"itemListElement\":[{\"@type\":\"ListItem\",\"position\":1,\"name\":\"Portada\",\"item\":\"https:\/\/www.cencibel.es\/blog\/\"},{\"@type\":\"ListItem\",\"position\":2,\"name\":\"La Mascorbata\"}]},{\"@type\":\"WebSite\",\"@id\":\"https:\/\/www.cencibel.es\/blog\/#website\",\"url\":\"https:\/\/www.cencibel.es\/blog\/\",\"name\":\"Cencibel\",\"description\":\"Blog de moda masculina\",\"publisher\":{\"@id\":\"https:\/\/www.cencibel.es\/blog\/#organization\"},\"potentialAction\":[{\"@type\":\"SearchAction\",\"target\":{\"@type\":\"EntryPoint\",\"urlTemplate\":\"https:\/\/www.cencibel.es\/blog\/?s={search_term_string}\"},\"query-input\":{\"@type\":\"PropertyValueSpecification\",\"valueRequired\":true,\"valueName\":\"search_term_string\"}}],\"inLanguage\":\"es\"},{\"@type\":\"Organization\",\"@id\":\"https:\/\/www.cencibel.es\/blog\/#organization\",\"name\":\"CENCIBEL\",\"url\":\"https:\/\/www.cencibel.es\/blog\/\",\"logo\":{\"@type\":\"ImageObject\",\"inLanguage\":\"es\",\"@id\":\"https:\/\/www.cencibel.es\/blog\/#\/schema\/logo\/image\/\",\"url\":\"https:\/\/www.cencibel.es\/blog\/wp-content\/uploads\/2020\/04\/logo-cencibel.png\",\"contentUrl\":\"https:\/\/www.cencibel.es\/blog\/wp-content\/uploads\/2020\/04\/logo-cencibel.png\",\"width\":157,\"height\":129,\"caption\":\"CENCIBEL\"},\"image\":{\"@id\":\"https:\/\/www.cencibel.es\/blog\/#\/schema\/logo\/image\/\"},\"sameAs\":[\"https:\/\/www.facebook.com\/cencibel\/\",\"https:\/\/x.com\/cencibelties\"]},{\"@type\":\"Person\",\"@id\":\"https:\/\/www.cencibel.es\/blog\/#\/schema\/person\/8b2fc92ea0a3467fd6c2e3c2f7d100a2\",\"name\":\"Cencibel\",\"image\":{\"@type\":\"ImageObject\",\"inLanguage\":\"es\",\"@id\":\"https:\/\/www.cencibel.es\/blog\/#\/schema\/person\/image\/\",\"url\":\"https:\/\/secure.gravatar.com\/avatar\/f18f4c495d7668060b70ea4d64213c64cb98fd0d06d267a1c1d8208bcb93f77b?s=96&d=mm&r=g\",\"contentUrl\":\"https:\/\/secure.gravatar.com\/avatar\/f18f4c495d7668060b70ea4d64213c64cb98fd0d06d267a1c1d8208bcb93f77b?s=96&d=mm&r=g\",\"caption\":\"Cencibel\"},\"sameAs\":[\"https:\/\/www.cencibel.es\"]}]}<\/script>\n<!-- \/ Yoast SEO plugin. -->","yoast_head_json":{"title":"La Mascorbata - Cencibel","description":"La Mascorbata es un conjunto de mascarilla y corbata a juego. Recomendamos que se use por separado y no unido en la misma prenda.","robots":{"index":"index","follow":"follow","max-snippet":"max-snippet:-1","max-image-preview":"max-image-preview:large","max-video-preview":"max-video-preview:-1"},"canonical":"https:\/\/www.cencibel.es\/blog\/la-mascorbata\/","og_locale":"es_ES","og_type":"article","og_title":"La Mascorbata - Cencibel","og_description":"La Mascorbata es un conjunto de mascarilla y corbata a juego. Recomendamos que se use por separado y no unido en la misma prenda.","og_url":"https:\/\/www.cencibel.es\/blog\/la-mascorbata\/","og_site_name":"Cencibel","article_publisher":"https:\/\/www.facebook.com\/cencibel\/","article_published_time":"2021-01-17T11:02:29+00:00","article_modified_time":"2024-12-19T12:10:50+00:00","og_image":[{"width":1200,"height":672,"url":"https:\/\/www.cencibel.es\/blog\/wp-content\/uploads\/2021\/01\/Mascarilla-Negra-e1610881734720.jpg","type":"image\/jpeg"}],"author":"Cencibel","twitter_card":"summary_large_image","twitter_creator":"@cencibelties","twitter_site":"@cencibelties","twitter_misc":{"Escrito por":"Cencibel","Tiempo de lectura":"3 minutos"},"schema":{"@context":"https:\/\/schema.org","@graph":[{"@type":"Article","@id":"https:\/\/www.cencibel.es\/blog\/la-mascorbata\/#article","isPartOf":{"@id":"https:\/\/www.cencibel.es\/blog\/la-mascorbata\/"},"author":{"name":"Cencibel","@id":"https:\/\/www.cencibel.es\/blog\/#\/schema\/person\/8b2fc92ea0a3467fd6c2e3c2f7d100a2"},"headline":"La Mascorbata","datePublished":"2021-01-17T11:02:29+00:00","dateModified":"2024-12-19T12:10:50+00:00","mainEntityOfPage":{"@id":"https:\/\/www.cencibel.es\/blog\/la-mascorbata\/"},"wordCount":523,"commentCount":0,"publisher":{"@id":"https:\/\/www.cencibel.es\/blog\/#organization"},"image":{"@id":"https:\/\/www.cencibel.es\/blog\/la-mascorbata\/#primaryimage"},"thumbnailUrl":"https:\/\/www.cencibel.es\/blog\/wp-content\/uploads\/2021\/01\/Mascarilla-Negra-e1610881734720.jpg","keywords":["Corbata","MascarillaCorbata","Mascorbata"],"articleSection":["Estilo","Inspiraci\u00f3n"],"inLanguage":"es","potentialAction":[{"@type":"CommentAction","name":"Comment","target":["https:\/\/www.cencibel.es\/blog\/la-mascorbata\/#respond"]}]},{"@type":"WebPage","@id":"https:\/\/www.cencibel.es\/blog\/la-mascorbata\/","url":"https:\/\/www.cencibel.es\/blog\/la-mascorbata\/","name":"La Mascorbata - Cencibel","isPartOf":{"@id":"https:\/\/www.cencibel.es\/blog\/#website"},"primaryImageOfPage":{"@id":"https:\/\/www.cencibel.es\/blog\/la-mascorbata\/#primaryimage"},"image":{"@id":"https:\/\/www.cencibel.es\/blog\/la-mascorbata\/#primaryimage"},"thumbnailUrl":"https:\/\/www.cencibel.es\/blog\/wp-content\/uploads\/2021\/01\/Mascarilla-Negra-e1610881734720.jpg","datePublished":"2021-01-17T11:02:29+00:00","dateModified":"2024-12-19T12:10:50+00:00","description":"La Mascorbata es un conjunto de mascarilla y corbata a juego. Recomendamos que se use por separado y no unido en la misma prenda.","breadcrumb":{"@id":"https:\/\/www.cencibel.es\/blog\/la-mascorbata\/#breadcrumb"},"inLanguage":"es","potentialAction":[{"@type":"ReadAction","target":["https:\/\/www.cencibel.es\/blog\/la-mascorbata\/"]}]},{"@type":"ImageObject","inLanguage":"es","@id":"https:\/\/www.cencibel.es\/blog\/la-mascorbata\/#primaryimage","url":"https:\/\/www.cencibel.es\/blog\/wp-content\/uploads\/2021\/01\/Mascarilla-Negra-e1610881734720.jpg","contentUrl":"https:\/\/www.cencibel.es\/blog\/wp-content\/uploads\/2021\/01\/Mascarilla-Negra-e1610881734720.jpg","width":1200,"height":672},{"@type":"BreadcrumbList","@id":"https:\/\/www.cencibel.es\/blog\/la-mascorbata\/#breadcrumb","itemListElement":[{"@type":"ListItem","position":1,"name":"Portada","item":"https:\/\/www.cencibel.es\/blog\/"},{"@type":"ListItem","position":2,"name":"La Mascorbata"}]},{"@type":"WebSite","@id":"https:\/\/www.cencibel.es\/blog\/#website","url":"https:\/\/www.cencibel.es\/blog\/","name":"Cencibel","description":"Blog de moda masculina","publisher":{"@id":"https:\/\/www.cencibel.es\/blog\/#organization"},"potentialAction":[{"@type":"SearchAction","target":{"@type":"EntryPoint","urlTemplate":"https:\/\/www.cencibel.es\/blog\/?s={search_term_string}"},"query-input":{"@type":"PropertyValueSpecification","valueRequired":true,"valueName":"search_term_string"}}],"inLanguage":"es"},{"@type":"Organization","@id":"https:\/\/www.cencibel.es\/blog\/#organization","name":"CENCIBEL","url":"https:\/\/www.cencibel.es\/blog\/","logo":{"@type":"ImageObject","inLanguage":"es","@id":"https:\/\/www.cencibel.es\/blog\/#\/schema\/logo\/image\/","url":"https:\/\/www.cencibel.es\/blog\/wp-content\/uploads\/2020\/04\/logo-cencibel.png","contentUrl":"https:\/\/www.cencibel.es\/blog\/wp-content\/uploads\/2020\/04\/logo-cencibel.png","width":157,"height":129,"caption":"CENCIBEL"},"image":{"@id":"https:\/\/www.cencibel.es\/blog\/#\/schema\/logo\/image\/"},"sameAs":["https:\/\/www.facebook.com\/cencibel\/","https:\/\/x.com\/cencibelties"]},{"@type":"Person","@id":"https:\/\/www.cencibel.es\/blog\/#\/schema\/person\/8b2fc92ea0a3467fd6c2e3c2f7d100a2","name":"Cencibel","image":{"@type":"ImageObject","inLanguage":"es","@id":"https:\/\/www.cencibel.es\/blog\/#\/schema\/person\/image\/","url":"https:\/\/secure.gravatar.com\/avatar\/f18f4c495d7668060b70ea4d64213c64cb98fd0d06d267a1c1d8208bcb93f77b?s=96&d=mm&r=g","contentUrl":"https:\/\/secure.gravatar.com\/avatar\/f18f4c495d7668060b70ea4d64213c64cb98fd0d06d267a1c1d8208bcb93f77b?s=96&d=mm&r=g","caption":"Cencibel"},"sameAs":["https:\/\/www.cencibel.es"]}]}},"_links":{"self":[{"href":"https:\/\/www.cencibel.es\/blog\/wp-json\/wp\/v2\/posts\/725","targetHints":{"allow":["GET"]}}],"collection":[{"href":"https:\/\/www.cencibel.es\/blog\/wp-json\/wp\/v2\/posts"}],"about":[{"href":"https:\/\/www.cencibel.es\/blog\/wp-json\/wp\/v2\/types\/post"}],"author":[{"embeddable":true,"href":"https:\/\/www.cencibel.es\/blog\/wp-json\/wp\/v2\/users\/2"}],"replies":[{"embeddable":true,"href":"https:\/\/www.cencibel.es\/blog\/wp-json\/wp\/v2\/comments?post=725"}],"version-history":[{"count":7,"href":"https:\/\/www.cencibel.es\/blog\/wp-json\/wp\/v2\/posts\/725\/revisions"}],"predecessor-version":[{"id":982,"href":"https:\/\/www.cencibel.es\/blog\/wp-json\/wp\/v2\/posts\/725\/revisions\/982"}],"wp:featuredmedia":[{"embeddable":true,"href":"https:\/\/www.cencibel.es\/blog\/wp-json\/wp\/v2\/media\/735"}],"wp:attachment":[{"href":"https:\/\/www.cencibel.es\/blog\/wp-json\/wp\/v2\/media?parent=725"}],"wp:term":[{"taxonomy":"category","embeddable":true,"href":"https:\/\/www.cencibel.es\/blog\/wp-json\/wp\/v2\/categories?post=725"},{"taxonomy":"post_tag","embeddable":true,"href":"https:\/\/www.cencibel.es\/blog\/wp-json\/wp\/v2\/tags?post=725"}],"curies":[{"name":"wp","href":"https:\/\/api.w.org\/{rel}","templated":true}]}}