{"id":793,"date":"2022-03-24T20:35:00","date_gmt":"2022-03-24T19:35:00","guid":{"rendered":"https:\/\/www.cencibel.es\/blog\/?p=793"},"modified":"2022-03-24T18:25:04","modified_gmt":"2022-03-24T17:25:04","slug":"que-corbatas-se-llevan-en-2022","status":"publish","type":"post","link":"https:\/\/www.cencibel.es\/blog\/que-corbatas-se-llevan-en-2022\/","title":{"rendered":"Que corbatas se llevan en 2022"},"content":{"rendered":"\n<p>Habitualmente recibimos m\u00faltiples consultas acerca de cuales son las corbatas de moda, las corbatas en tendencia o en definitiva \u00bfque corbatas se llevan en 2022?. Evidentemente Cencibel es una marca de corbatas que fabricamos artesanalmente nuestros productos y l\u00f3gicamente debemos incorporar las tendencias a nuestras colecciones. Aunque siempre nos guiamos por la atemporalidad de la moda masculina cl\u00e1sica. El escritor brit\u00e1nico Oscar Wilde se atrevi\u00f3 a apuntar muy acertadamente ya en el S. XIX que la moda era una forma de fealdad tan intolerable que era necesario cambiarla cada seis meses. A pesar del tiempo transcurrido desde que aquel gran dandi nos dej\u00f3, su afirmaci\u00f3n sigue hoy plenamente vigente.&nbsp;<\/p>\n\n\n\n<p>Una <a href=\"https:\/\/www.cencibel.es\/corbata-burdeos-granadine\">corbata granadine burdeos<\/a> o <a href=\"https:\/\/www.cencibel.es\/corbata-verde-botella\">verde botella<\/a> cosida a mano, una corbata azul marino con lunares blancos, un simple pa\u00f1uelo blanco de lino o una corbata regimental verde botella y azul son todas ellas opciones que nunca pasar\u00e1n de moda y que separan al verdadero amante de lo exquisito de esa v\u00edctima de la moda al que le dictan qu\u00e9 tiene que vestir cada temporada.\u00a0<\/p>\n\n\n\n<figure class=\"wp-block-image size-large\"><img loading=\"lazy\" decoding=\"async\" width=\"1024\" height=\"1024\" src=\"https:\/\/www.cencibel.es\/blog\/wp-content\/uploads\/2022\/03\/chaqueta3-1024x1024.jpg\" alt=\"corbatas que se llevan en 2022\" class=\"wp-image-807\" srcset=\"https:\/\/www.cencibel.es\/blog\/wp-content\/uploads\/2022\/03\/chaqueta3-1024x1024.jpg 1024w, https:\/\/www.cencibel.es\/blog\/wp-content\/uploads\/2022\/03\/chaqueta3-300x300.jpg 300w, https:\/\/www.cencibel.es\/blog\/wp-content\/uploads\/2022\/03\/chaqueta3-150x150.jpg 150w, https:\/\/www.cencibel.es\/blog\/wp-content\/uploads\/2022\/03\/chaqueta3-768x768.jpg 768w, https:\/\/www.cencibel.es\/blog\/wp-content\/uploads\/2022\/03\/chaqueta3-1536x1536.jpg 1536w, https:\/\/www.cencibel.es\/blog\/wp-content\/uploads\/2022\/03\/chaqueta3-1140x1140.jpg 1140w, https:\/\/www.cencibel.es\/blog\/wp-content\/uploads\/2022\/03\/chaqueta3-75x75.jpg 75w, https:\/\/www.cencibel.es\/blog\/wp-content\/uploads\/2022\/03\/chaqueta3.jpg 1920w\" sizes=\"auto, (max-width: 1024px) 100vw, 1024px\" \/><\/figure>\n\n\n\n<p>Cuando uno observa aquella manera de vestir de actores de la edad de oro de Hollywood como Cary Grant o Sean Connery en su papel de James Bond se da cuenta de que aquellos \u201cviejos\u201d conjuntos son hoy, m\u00e1s de cincuenta a\u00f1os despu\u00e9s, mucho m\u00e1s actuales que los que se vieron el a\u00f1o pasado en cualquier conocida pasarela y que proponen a\u00f1o tras a\u00f1o los gur\u00fas de la moda para confirmar la teor\u00eda de Oscar Wilde.<\/p>\n\n\n\n<figure class=\"wp-block-image size-large\"><img loading=\"lazy\" decoding=\"async\" width=\"1024\" height=\"576\" src=\"https:\/\/www.cencibel.es\/blog\/wp-content\/uploads\/2022\/03\/American-Movie-Cary-Grant-Audrey-Hepburn-1963-1145447-1024x576.jpeg\" alt=\"corbatas que se llevan en 2022\" class=\"wp-image-800\" srcset=\"https:\/\/www.cencibel.es\/blog\/wp-content\/uploads\/2022\/03\/American-Movie-Cary-Grant-Audrey-Hepburn-1963-1145447-1024x576.jpeg 1024w, https:\/\/www.cencibel.es\/blog\/wp-content\/uploads\/2022\/03\/American-Movie-Cary-Grant-Audrey-Hepburn-1963-1145447-300x169.jpeg 300w, https:\/\/www.cencibel.es\/blog\/wp-content\/uploads\/2022\/03\/American-Movie-Cary-Grant-Audrey-Hepburn-1963-1145447-768x432.jpeg 768w, https:\/\/www.cencibel.es\/blog\/wp-content\/uploads\/2022\/03\/American-Movie-Cary-Grant-Audrey-Hepburn-1963-1145447-1140x641.jpeg 1140w, https:\/\/www.cencibel.es\/blog\/wp-content\/uploads\/2022\/03\/American-Movie-Cary-Grant-Audrey-Hepburn-1963-1145447.jpeg 1280w\" sizes=\"auto, (max-width: 1024px) 100vw, 1024px\" \/><\/figure>\n\n\n\n<p>A pesar de lo expuesto anteriormente la corbata como cualquier prenda de vestir tiene sus tendencias. En este a\u00f1o 2022 la tendencia es hacia <a href=\"https:\/\/www.cencibel.es\/corbata-morada-dibujos-1859\">la corbata vintage con dibujos geom\u00e9tricos grandes<\/a>. Esta corbata puede fabricarse en varias tonalidades pero las de moda son los azules en todas sus gamas llegando al azul marino, los rosas incluyendo el famoso buganvilla y los verdes.<\/p>\n\n\n\n<figure class=\"wp-block-image size-large\"><img loading=\"lazy\" decoding=\"async\" width=\"1024\" height=\"1024\" src=\"https:\/\/www.cencibel.es\/blog\/wp-content\/uploads\/2022\/03\/Septiembre-1024x1024.jpg\" alt=\"corbata vintage\ncorbata geometrica\ncorbatas que se llevan en 2022\" class=\"wp-image-799\" srcset=\"https:\/\/www.cencibel.es\/blog\/wp-content\/uploads\/2022\/03\/Septiembre-1024x1024.jpg 1024w, https:\/\/www.cencibel.es\/blog\/wp-content\/uploads\/2022\/03\/Septiembre-300x300.jpg 300w, https:\/\/www.cencibel.es\/blog\/wp-content\/uploads\/2022\/03\/Septiembre-150x150.jpg 150w, https:\/\/www.cencibel.es\/blog\/wp-content\/uploads\/2022\/03\/Septiembre-768x768.jpg 768w, https:\/\/www.cencibel.es\/blog\/wp-content\/uploads\/2022\/03\/Septiembre-1140x1140.jpg 1140w, https:\/\/www.cencibel.es\/blog\/wp-content\/uploads\/2022\/03\/Septiembre-75x75.jpg 75w, https:\/\/www.cencibel.es\/blog\/wp-content\/uploads\/2022\/03\/Septiembre.jpg 1200w\" sizes=\"auto, (max-width: 1024px) 100vw, 1024px\" \/><\/figure>\n\n\n\n<p>La <a href=\"https:\/\/www.cencibel.es\/corbata-marino-mosaico-blanco\">corbata geom\u00e9trica vintage<\/a> tiene una variante que es el dibujo tipo mosaico que recuerda a las diversas formas que adoptan los <a href=\"https:\/\/www.hola.com\/actualidad\/20190619144289\/boda-sergio-ramos-pilar-rubio-foto-boda-hijos\/\">azulejos nazar\u00edes<\/a>. Sus diversas geometr\u00edas la convierten en una corbata llena de car\u00e1cter que coordina muy bien con camisas lisas o falso liso.<\/p>\n\n\n\n<figure class=\"wp-block-image size-large\"><img loading=\"lazy\" decoding=\"async\" width=\"1024\" height=\"1024\" src=\"https:\/\/www.cencibel.es\/blog\/wp-content\/uploads\/2022\/03\/25-06-2021-1024x1024.jpg\" alt=\"corbatas que se llevan en 2022\" class=\"wp-image-798\" srcset=\"https:\/\/www.cencibel.es\/blog\/wp-content\/uploads\/2022\/03\/25-06-2021-1024x1024.jpg 1024w, https:\/\/www.cencibel.es\/blog\/wp-content\/uploads\/2022\/03\/25-06-2021-300x300.jpg 300w, https:\/\/www.cencibel.es\/blog\/wp-content\/uploads\/2022\/03\/25-06-2021-150x150.jpg 150w, https:\/\/www.cencibel.es\/blog\/wp-content\/uploads\/2022\/03\/25-06-2021-768x768.jpg 768w, https:\/\/www.cencibel.es\/blog\/wp-content\/uploads\/2022\/03\/25-06-2021-1140x1140.jpg 1140w, https:\/\/www.cencibel.es\/blog\/wp-content\/uploads\/2022\/03\/25-06-2021-75x75.jpg 75w, https:\/\/www.cencibel.es\/blog\/wp-content\/uploads\/2022\/03\/25-06-2021.jpg 1200w\" sizes=\"auto, (max-width: 1024px) 100vw, 1024px\" \/><\/figure>\n\n\n\n<p>Por tanto a la pregunta \u00bfque corbatas se llevan en el 2022? Responder\u00edamos claramente la vuelta a los dibujos vintage geom\u00e9tricos de los a\u00f1os 70.<\/p>\n\n<div class=\"kk-star-ratings\n     kksr-valign-bottom     kksr-align-left    \"\n    data-payload=\"{&quot;align&quot;:&quot;left&quot;,&quot;id&quot;:&quot;793&quot;,&quot;slug&quot;:&quot;default&quot;,&quot;valign&quot;:&quot;bottom&quot;,&quot;reference&quot;:&quot;auto&quot;,&quot;count&quot;:&quot;3&quot;,&quot;readonly&quot;:&quot;&quot;,&quot;score&quot;:&quot;3&quot;,&quot;best&quot;:&quot;5&quot;,&quot;gap&quot;:&quot;4&quot;,&quot;greet&quot;:&quot;Rate this post&quot;,&quot;legend&quot;:&quot;3\\\/5 - (3 votos)&quot;,&quot;size&quot;:&quot;24&quot;,&quot;width&quot;:&quot;82&quot;,&quot;_legend&quot;:&quot;{score}\\\/{best} - ({count} {votes})&quot;}\">\n    \n<div class=\"kksr-stars\">\n    \n<div class=\"kksr-stars-inactive\">\n            <div class=\"kksr-star\" data-star=\"1\" style=\"padding-right: 4px\">\n            \n\n<div class=\"kksr-icon\" style=\"width: 24px; height: 24px;\"><\/div>\n        <\/div>\n            <div class=\"kksr-star\" data-star=\"2\" style=\"padding-right: 4px\">\n            \n\n<div class=\"kksr-icon\" style=\"width: 24px; height: 24px;\"><\/div>\n        <\/div>\n            <div class=\"kksr-star\" data-star=\"3\" style=\"padding-right: 4px\">\n            \n\n<div class=\"kksr-icon\" style=\"width: 24px; height: 24px;\"><\/div>\n        <\/div>\n            <div class=\"kksr-star\" data-star=\"4\" style=\"padding-right: 4px\">\n            \n\n<div class=\"kksr-icon\" style=\"width: 24px; height: 24px;\"><\/div>\n        <\/div>\n            <div class=\"kksr-star\" data-star=\"5\" style=\"padding-right: 4px\">\n            \n\n<div class=\"kksr-icon\" style=\"width: 24px; height: 24px;\"><\/div>\n        <\/div>\n    <\/div>\n    \n<div class=\"kksr-stars-active\" style=\"width: 82px;\">\n            <div class=\"kksr-star\" style=\"padding-right: 4px\">\n            \n\n<div class=\"kksr-icon\" style=\"width: 24px; height: 24px;\"><\/div>\n        <\/div>\n            <div class=\"kksr-star\" style=\"padding-right: 4px\">\n            \n\n<div class=\"kksr-icon\" style=\"width: 24px; height: 24px;\"><\/div>\n        <\/div>\n            <div class=\"kksr-star\" style=\"padding-right: 4px\">\n            \n\n<div class=\"kksr-icon\" style=\"width: 24px; height: 24px;\"><\/div>\n        <\/div>\n            <div class=\"kksr-star\" style=\"padding-right: 4px\">\n            \n\n<div class=\"kksr-icon\" style=\"width: 24px; height: 24px;\"><\/div>\n        <\/div>\n            <div class=\"kksr-star\" style=\"padding-right: 4px\">\n            \n\n<div class=\"kksr-icon\" style=\"width: 24px; height: 24px;\"><\/div>\n        <\/div>\n    <\/div>\n<\/div>\n    \n<div class=\"kksr-legend\">\n            3\/5 - (3 votos)    <\/div>\n<\/div>\n","protected":false},"excerpt":{"rendered":"<p>Habitualmente recibimos m\u00faltiples consultas acerca de cuales son las corbatas de moda, las corbatas en tendencia o en definitiva \u00bfque corbatas se llevan en 2022?. Evidentemente Cencibel es una marca de corbatas que fabricamos artesanalmente nuestros productos y l\u00f3gicamente debemos incorporar las tendencias a nuestras colecciones. Aunque siempre nos guiamos por la atemporalidad de la moda masculina cl\u00e1sica. El escritor brit\u00e1nico Oscar Wilde se atrevi\u00f3 a apuntar muy acertadamente ya en el S. XIX que la moda era una forma de fealdad tan intolerable que era necesario cambiarla cada seis meses. A pesar del tiempo transcurrido desde que aquel gran dandi nos dej\u00f3, su afirmaci\u00f3n sigue hoy plenamente vigente.&nbsp; Una corbata granadine burdeos o verde botella cosida a mano, una corbata azul marino con lunares blancos, un simple pa\u00f1uelo blanco de lino o una corbata regimental verde botella y azul son todas ellas opciones que nunca pasar\u00e1n de moda y que separan al verdadero amante de lo exquisito de esa v\u00edctima de la moda al que le dictan qu\u00e9 tiene que vestir cada temporada.\u00a0 Cuando uno observa aquella manera de vestir de actores de la edad de oro de Hollywood como Cary Grant o Sean Connery en su papel de James Bond se da cuenta de que aquellos \u201cviejos\u201d conjuntos son hoy, m\u00e1s de cincuenta a\u00f1os despu\u00e9s, mucho m\u00e1s actuales que los que se vieron el a\u00f1o pasado en cualquier conocida pasarela y que proponen a\u00f1o tras a\u00f1o los gur\u00fas de la moda para confirmar la teor\u00eda de Oscar Wilde. A pesar de lo expuesto anteriormente la corbata como cualquier prenda de vestir tiene sus tendencias. En este a\u00f1o 2022 la tendencia es hacia la corbata vintage con dibujos geom\u00e9tricos grandes. Esta corbata puede fabricarse en varias tonalidades pero las de moda son los azules en todas sus gamas llegando al azul marino, los rosas incluyendo el famoso buganvilla y los verdes. La corbata geom\u00e9trica vintage tiene una variante que es el dibujo tipo mosaico que recuerda a las diversas formas que adoptan los azulejos nazar\u00edes. Sus diversas geometr\u00edas la convierten en una corbata llena de car\u00e1cter que coordina muy bien con camisas lisas o falso liso. Por tanto a la pregunta \u00bfque corbatas se llevan en el 2022? Responder\u00edamos claramente la vuelta a los dibujos vintage geom\u00e9tricos de los a\u00f1os 70. 3\/5 &#8211; (3 votos)<\/p>\n","protected":false},"author":2,"featured_media":804,"comment_status":"open","ping_status":"open","sticky":false,"template":"","format":"standard","meta":{"_monsterinsights_skip_tracking":false,"_monsterinsights_sitenote_active":false,"_monsterinsights_sitenote_note":"","_monsterinsights_sitenote_category":0,"footnotes":""},"categories":[2,7],"tags":[3,24,22,23],"class_list":["post-793","post","type-post","status-publish","format-standard","has-post-thumbnail","hentry","category-moda-masculina","category-inspiracion-guia-de-estilo","tag-corbatas","tag-corbatas-2022","tag-corbatas-moda","tag-corbatas-tendencia"],"yoast_head":"<!-- This site is optimized with the Yoast SEO plugin v25.3.1 - https:\/\/yoast.com\/wordpress\/plugins\/seo\/ -->\n<title>Que corbatas se llevan en 2022 - Cencibel<\/title>\n<meta name=\"description\" content=\"Que corbatas se llevan en 2022 y son tendencia para las bodas y comuniones de este a\u00f1o. Las corbatas geom\u00e9tricas con dibujos grandes\" \/>\n<meta name=\"robots\" content=\"index, follow, max-snippet:-1, max-image-preview:large, max-video-preview:-1\" \/>\n<link rel=\"canonical\" href=\"https:\/\/www.cencibel.es\/blog\/que-corbatas-se-llevan-en-2022\/\" \/>\n<meta property=\"og:locale\" content=\"es_ES\" \/>\n<meta property=\"og:type\" content=\"article\" \/>\n<meta property=\"og:title\" content=\"Que corbatas se llevan en 2022 - Cencibel\" \/>\n<meta property=\"og:description\" content=\"Que corbatas se llevan en 2022 y son tendencia para las bodas y comuniones de este a\u00f1o. Las corbatas geom\u00e9tricas con dibujos grandes\" \/>\n<meta property=\"og:url\" content=\"https:\/\/www.cencibel.es\/blog\/que-corbatas-se-llevan-en-2022\/\" \/>\n<meta property=\"og:site_name\" content=\"Cencibel\" \/>\n<meta property=\"article:publisher\" content=\"https:\/\/www.facebook.com\/cencibel\/\" \/>\n<meta property=\"article:published_time\" content=\"2022-03-24T19:35:00+00:00\" \/>\n<meta property=\"og:image\" content=\"https:\/\/www.cencibel.es\/blog\/wp-content\/uploads\/2022\/03\/Corbatas-medallones-scaled.jpg\" \/>\n\t<meta property=\"og:image:width\" content=\"2560\" \/>\n\t<meta property=\"og:image:height\" content=\"1609\" \/>\n\t<meta property=\"og:image:type\" content=\"image\/jpeg\" \/>\n<meta name=\"author\" content=\"Cencibel\" \/>\n<meta name=\"twitter:card\" content=\"summary_large_image\" \/>\n<meta name=\"twitter:creator\" content=\"@cencibelties\" \/>\n<meta name=\"twitter:site\" content=\"@cencibelties\" \/>\n<meta name=\"twitter:label1\" content=\"Escrito por\" \/>\n\t<meta name=\"twitter:data1\" content=\"Cencibel\" \/>\n\t<meta name=\"twitter:label2\" content=\"Tiempo de lectura\" \/>\n\t<meta name=\"twitter:data2\" content=\"3 minutos\" \/>\n<script type=\"application\/ld+json\" class=\"yoast-schema-graph\">{\"@context\":\"https:\/\/schema.org\",\"@graph\":[{\"@type\":\"Article\",\"@id\":\"https:\/\/www.cencibel.es\/blog\/que-corbatas-se-llevan-en-2022\/#article\",\"isPartOf\":{\"@id\":\"https:\/\/www.cencibel.es\/blog\/que-corbatas-se-llevan-en-2022\/\"},\"author\":{\"name\":\"Cencibel\",\"@id\":\"https:\/\/www.cencibel.es\/blog\/#\/schema\/person\/8b2fc92ea0a3467fd6c2e3c2f7d100a2\"},\"headline\":\"Que corbatas se llevan en 2022\",\"datePublished\":\"2022-03-24T19:35:00+00:00\",\"mainEntityOfPage\":{\"@id\":\"https:\/\/www.cencibel.es\/blog\/que-corbatas-se-llevan-en-2022\/\"},\"wordCount\":410,\"commentCount\":0,\"publisher\":{\"@id\":\"https:\/\/www.cencibel.es\/blog\/#organization\"},\"image\":{\"@id\":\"https:\/\/www.cencibel.es\/blog\/que-corbatas-se-llevan-en-2022\/#primaryimage\"},\"thumbnailUrl\":\"https:\/\/www.cencibel.es\/blog\/wp-content\/uploads\/2022\/03\/Corbatas-medallones-scaled.jpg\",\"keywords\":[\"Corbatas\",\"corbatas 2022\",\"corbatas moda\",\"corbatas tendencia\"],\"articleSection\":[\"Estilo\",\"Inspiraci\u00f3n\"],\"inLanguage\":\"es\",\"potentialAction\":[{\"@type\":\"CommentAction\",\"name\":\"Comment\",\"target\":[\"https:\/\/www.cencibel.es\/blog\/que-corbatas-se-llevan-en-2022\/#respond\"]}]},{\"@type\":\"WebPage\",\"@id\":\"https:\/\/www.cencibel.es\/blog\/que-corbatas-se-llevan-en-2022\/\",\"url\":\"https:\/\/www.cencibel.es\/blog\/que-corbatas-se-llevan-en-2022\/\",\"name\":\"Que corbatas se llevan en 2022 - Cencibel\",\"isPartOf\":{\"@id\":\"https:\/\/www.cencibel.es\/blog\/#website\"},\"primaryImageOfPage\":{\"@id\":\"https:\/\/www.cencibel.es\/blog\/que-corbatas-se-llevan-en-2022\/#primaryimage\"},\"image\":{\"@id\":\"https:\/\/www.cencibel.es\/blog\/que-corbatas-se-llevan-en-2022\/#primaryimage\"},\"thumbnailUrl\":\"https:\/\/www.cencibel.es\/blog\/wp-content\/uploads\/2022\/03\/Corbatas-medallones-scaled.jpg\",\"datePublished\":\"2022-03-24T19:35:00+00:00\",\"description\":\"Que corbatas se llevan en 2022 y son tendencia para las bodas y comuniones de este a\u00f1o. Las corbatas geom\u00e9tricas con dibujos grandes\",\"breadcrumb\":{\"@id\":\"https:\/\/www.cencibel.es\/blog\/que-corbatas-se-llevan-en-2022\/#breadcrumb\"},\"inLanguage\":\"es\",\"potentialAction\":[{\"@type\":\"ReadAction\",\"target\":[\"https:\/\/www.cencibel.es\/blog\/que-corbatas-se-llevan-en-2022\/\"]}]},{\"@type\":\"ImageObject\",\"inLanguage\":\"es\",\"@id\":\"https:\/\/www.cencibel.es\/blog\/que-corbatas-se-llevan-en-2022\/#primaryimage\",\"url\":\"https:\/\/www.cencibel.es\/blog\/wp-content\/uploads\/2022\/03\/Corbatas-medallones-scaled.jpg\",\"contentUrl\":\"https:\/\/www.cencibel.es\/blog\/wp-content\/uploads\/2022\/03\/Corbatas-medallones-scaled.jpg\",\"width\":2560,\"height\":1609,\"caption\":\"que corbatas se llevan en 2022\"},{\"@type\":\"BreadcrumbList\",\"@id\":\"https:\/\/www.cencibel.es\/blog\/que-corbatas-se-llevan-en-2022\/#breadcrumb\",\"itemListElement\":[{\"@type\":\"ListItem\",\"position\":1,\"name\":\"Portada\",\"item\":\"https:\/\/www.cencibel.es\/blog\/\"},{\"@type\":\"ListItem\",\"position\":2,\"name\":\"Que corbatas se llevan en 2022\"}]},{\"@type\":\"WebSite\",\"@id\":\"https:\/\/www.cencibel.es\/blog\/#website\",\"url\":\"https:\/\/www.cencibel.es\/blog\/\",\"name\":\"Cencibel\",\"description\":\"Blog de moda masculina\",\"publisher\":{\"@id\":\"https:\/\/www.cencibel.es\/blog\/#organization\"},\"potentialAction\":[{\"@type\":\"SearchAction\",\"target\":{\"@type\":\"EntryPoint\",\"urlTemplate\":\"https:\/\/www.cencibel.es\/blog\/?s={search_term_string}\"},\"query-input\":{\"@type\":\"PropertyValueSpecification\",\"valueRequired\":true,\"valueName\":\"search_term_string\"}}],\"inLanguage\":\"es\"},{\"@type\":\"Organization\",\"@id\":\"https:\/\/www.cencibel.es\/blog\/#organization\",\"name\":\"CENCIBEL\",\"url\":\"https:\/\/www.cencibel.es\/blog\/\",\"logo\":{\"@type\":\"ImageObject\",\"inLanguage\":\"es\",\"@id\":\"https:\/\/www.cencibel.es\/blog\/#\/schema\/logo\/image\/\",\"url\":\"https:\/\/www.cencibel.es\/blog\/wp-content\/uploads\/2020\/04\/logo-cencibel.png\",\"contentUrl\":\"https:\/\/www.cencibel.es\/blog\/wp-content\/uploads\/2020\/04\/logo-cencibel.png\",\"width\":157,\"height\":129,\"caption\":\"CENCIBEL\"},\"image\":{\"@id\":\"https:\/\/www.cencibel.es\/blog\/#\/schema\/logo\/image\/\"},\"sameAs\":[\"https:\/\/www.facebook.com\/cencibel\/\",\"https:\/\/x.com\/cencibelties\"]},{\"@type\":\"Person\",\"@id\":\"https:\/\/www.cencibel.es\/blog\/#\/schema\/person\/8b2fc92ea0a3467fd6c2e3c2f7d100a2\",\"name\":\"Cencibel\",\"image\":{\"@type\":\"ImageObject\",\"inLanguage\":\"es\",\"@id\":\"https:\/\/www.cencibel.es\/blog\/#\/schema\/person\/image\/\",\"url\":\"https:\/\/secure.gravatar.com\/avatar\/f18f4c495d7668060b70ea4d64213c64cb98fd0d06d267a1c1d8208bcb93f77b?s=96&d=mm&r=g\",\"contentUrl\":\"https:\/\/secure.gravatar.com\/avatar\/f18f4c495d7668060b70ea4d64213c64cb98fd0d06d267a1c1d8208bcb93f77b?s=96&d=mm&r=g\",\"caption\":\"Cencibel\"},\"sameAs\":[\"https:\/\/www.cencibel.es\"]}]}<\/script>\n<!-- \/ Yoast SEO plugin. -->","yoast_head_json":{"title":"Que corbatas se llevan en 2022 - Cencibel","description":"Que corbatas se llevan en 2022 y son tendencia para las bodas y comuniones de este a\u00f1o. Las corbatas geom\u00e9tricas con dibujos grandes","robots":{"index":"index","follow":"follow","max-snippet":"max-snippet:-1","max-image-preview":"max-image-preview:large","max-video-preview":"max-video-preview:-1"},"canonical":"https:\/\/www.cencibel.es\/blog\/que-corbatas-se-llevan-en-2022\/","og_locale":"es_ES","og_type":"article","og_title":"Que corbatas se llevan en 2022 - Cencibel","og_description":"Que corbatas se llevan en 2022 y son tendencia para las bodas y comuniones de este a\u00f1o. Las corbatas geom\u00e9tricas con dibujos grandes","og_url":"https:\/\/www.cencibel.es\/blog\/que-corbatas-se-llevan-en-2022\/","og_site_name":"Cencibel","article_publisher":"https:\/\/www.facebook.com\/cencibel\/","article_published_time":"2022-03-24T19:35:00+00:00","og_image":[{"width":2560,"height":1609,"url":"https:\/\/www.cencibel.es\/blog\/wp-content\/uploads\/2022\/03\/Corbatas-medallones-scaled.jpg","type":"image\/jpeg"}],"author":"Cencibel","twitter_card":"summary_large_image","twitter_creator":"@cencibelties","twitter_site":"@cencibelties","twitter_misc":{"Escrito por":"Cencibel","Tiempo de lectura":"3 minutos"},"schema":{"@context":"https:\/\/schema.org","@graph":[{"@type":"Article","@id":"https:\/\/www.cencibel.es\/blog\/que-corbatas-se-llevan-en-2022\/#article","isPartOf":{"@id":"https:\/\/www.cencibel.es\/blog\/que-corbatas-se-llevan-en-2022\/"},"author":{"name":"Cencibel","@id":"https:\/\/www.cencibel.es\/blog\/#\/schema\/person\/8b2fc92ea0a3467fd6c2e3c2f7d100a2"},"headline":"Que corbatas se llevan en 2022","datePublished":"2022-03-24T19:35:00+00:00","mainEntityOfPage":{"@id":"https:\/\/www.cencibel.es\/blog\/que-corbatas-se-llevan-en-2022\/"},"wordCount":410,"commentCount":0,"publisher":{"@id":"https:\/\/www.cencibel.es\/blog\/#organization"},"image":{"@id":"https:\/\/www.cencibel.es\/blog\/que-corbatas-se-llevan-en-2022\/#primaryimage"},"thumbnailUrl":"https:\/\/www.cencibel.es\/blog\/wp-content\/uploads\/2022\/03\/Corbatas-medallones-scaled.jpg","keywords":["Corbatas","corbatas 2022","corbatas moda","corbatas tendencia"],"articleSection":["Estilo","Inspiraci\u00f3n"],"inLanguage":"es","potentialAction":[{"@type":"CommentAction","name":"Comment","target":["https:\/\/www.cencibel.es\/blog\/que-corbatas-se-llevan-en-2022\/#respond"]}]},{"@type":"WebPage","@id":"https:\/\/www.cencibel.es\/blog\/que-corbatas-se-llevan-en-2022\/","url":"https:\/\/www.cencibel.es\/blog\/que-corbatas-se-llevan-en-2022\/","name":"Que corbatas se llevan en 2022 - Cencibel","isPartOf":{"@id":"https:\/\/www.cencibel.es\/blog\/#website"},"primaryImageOfPage":{"@id":"https:\/\/www.cencibel.es\/blog\/que-corbatas-se-llevan-en-2022\/#primaryimage"},"image":{"@id":"https:\/\/www.cencibel.es\/blog\/que-corbatas-se-llevan-en-2022\/#primaryimage"},"thumbnailUrl":"https:\/\/www.cencibel.es\/blog\/wp-content\/uploads\/2022\/03\/Corbatas-medallones-scaled.jpg","datePublished":"2022-03-24T19:35:00+00:00","description":"Que corbatas se llevan en 2022 y son tendencia para las bodas y comuniones de este a\u00f1o. Las corbatas geom\u00e9tricas con dibujos grandes","breadcrumb":{"@id":"https:\/\/www.cencibel.es\/blog\/que-corbatas-se-llevan-en-2022\/#breadcrumb"},"inLanguage":"es","potentialAction":[{"@type":"ReadAction","target":["https:\/\/www.cencibel.es\/blog\/que-corbatas-se-llevan-en-2022\/"]}]},{"@type":"ImageObject","inLanguage":"es","@id":"https:\/\/www.cencibel.es\/blog\/que-corbatas-se-llevan-en-2022\/#primaryimage","url":"https:\/\/www.cencibel.es\/blog\/wp-content\/uploads\/2022\/03\/Corbatas-medallones-scaled.jpg","contentUrl":"https:\/\/www.cencibel.es\/blog\/wp-content\/uploads\/2022\/03\/Corbatas-medallones-scaled.jpg","width":2560,"height":1609,"caption":"que corbatas se llevan en 2022"},{"@type":"BreadcrumbList","@id":"https:\/\/www.cencibel.es\/blog\/que-corbatas-se-llevan-en-2022\/#breadcrumb","itemListElement":[{"@type":"ListItem","position":1,"name":"Portada","item":"https:\/\/www.cencibel.es\/blog\/"},{"@type":"ListItem","position":2,"name":"Que corbatas se llevan en 2022"}]},{"@type":"WebSite","@id":"https:\/\/www.cencibel.es\/blog\/#website","url":"https:\/\/www.cencibel.es\/blog\/","name":"Cencibel","description":"Blog de moda masculina","publisher":{"@id":"https:\/\/www.cencibel.es\/blog\/#organization"},"potentialAction":[{"@type":"SearchAction","target":{"@type":"EntryPoint","urlTemplate":"https:\/\/www.cencibel.es\/blog\/?s={search_term_string}"},"query-input":{"@type":"PropertyValueSpecification","valueRequired":true,"valueName":"search_term_string"}}],"inLanguage":"es"},{"@type":"Organization","@id":"https:\/\/www.cencibel.es\/blog\/#organization","name":"CENCIBEL","url":"https:\/\/www.cencibel.es\/blog\/","logo":{"@type":"ImageObject","inLanguage":"es","@id":"https:\/\/www.cencibel.es\/blog\/#\/schema\/logo\/image\/","url":"https:\/\/www.cencibel.es\/blog\/wp-content\/uploads\/2020\/04\/logo-cencibel.png","contentUrl":"https:\/\/www.cencibel.es\/blog\/wp-content\/uploads\/2020\/04\/logo-cencibel.png","width":157,"height":129,"caption":"CENCIBEL"},"image":{"@id":"https:\/\/www.cencibel.es\/blog\/#\/schema\/logo\/image\/"},"sameAs":["https:\/\/www.facebook.com\/cencibel\/","https:\/\/x.com\/cencibelties"]},{"@type":"Person","@id":"https:\/\/www.cencibel.es\/blog\/#\/schema\/person\/8b2fc92ea0a3467fd6c2e3c2f7d100a2","name":"Cencibel","image":{"@type":"ImageObject","inLanguage":"es","@id":"https:\/\/www.cencibel.es\/blog\/#\/schema\/person\/image\/","url":"https:\/\/secure.gravatar.com\/avatar\/f18f4c495d7668060b70ea4d64213c64cb98fd0d06d267a1c1d8208bcb93f77b?s=96&d=mm&r=g","contentUrl":"https:\/\/secure.gravatar.com\/avatar\/f18f4c495d7668060b70ea4d64213c64cb98fd0d06d267a1c1d8208bcb93f77b?s=96&d=mm&r=g","caption":"Cencibel"},"sameAs":["https:\/\/www.cencibel.es"]}]}},"_links":{"self":[{"href":"https:\/\/www.cencibel.es\/blog\/wp-json\/wp\/v2\/posts\/793","targetHints":{"allow":["GET"]}}],"collection":[{"href":"https:\/\/www.cencibel.es\/blog\/wp-json\/wp\/v2\/posts"}],"about":[{"href":"https:\/\/www.cencibel.es\/blog\/wp-json\/wp\/v2\/types\/post"}],"author":[{"embeddable":true,"href":"https:\/\/www.cencibel.es\/blog\/wp-json\/wp\/v2\/users\/2"}],"replies":[{"embeddable":true,"href":"https:\/\/www.cencibel.es\/blog\/wp-json\/wp\/v2\/comments?post=793"}],"version-history":[{"count":12,"href":"https:\/\/www.cencibel.es\/blog\/wp-json\/wp\/v2\/posts\/793\/revisions"}],"predecessor-version":[{"id":811,"href":"https:\/\/www.cencibel.es\/blog\/wp-json\/wp\/v2\/posts\/793\/revisions\/811"}],"wp:featuredmedia":[{"embeddable":true,"href":"https:\/\/www.cencibel.es\/blog\/wp-json\/wp\/v2\/media\/804"}],"wp:attachment":[{"href":"https:\/\/www.cencibel.es\/blog\/wp-json\/wp\/v2\/media?parent=793"}],"wp:term":[{"taxonomy":"category","embeddable":true,"href":"https:\/\/www.cencibel.es\/blog\/wp-json\/wp\/v2\/categories?post=793"},{"taxonomy":"post_tag","embeddable":true,"href":"https:\/\/www.cencibel.es\/blog\/wp-json\/wp\/v2\/tags?post=793"}],"curies":[{"name":"wp","href":"https:\/\/api.w.org\/{rel}","templated":true}]}}