{"id":97,"date":"2019-01-14T12:15:00","date_gmt":"2019-01-14T11:15:00","guid":{"rendered":"http:\/\/www2.cencibel.es\/blog\/?p=97"},"modified":"2022-07-22T17:04:49","modified_gmt":"2022-07-22T15:04:49","slug":"estilo-clasico-al-vestir-una-pajarita-globos-de-oro-2019","status":"publish","type":"post","link":"https:\/\/www.cencibel.es\/blog\/estilo-clasico-al-vestir-una-pajarita-globos-de-oro-2019\/","title":{"rendered":"\u00bfEstilo cl\u00e1sico al vestir una pajarita? | Globos de Oro 2019"},"content":{"rendered":"\n<p>Al principio de mes, despu\u00e9s de recuperarnos de las fiestas de fin de a\u00f1o, damos lugar a una de las galas m\u00e1s esperadas del a\u00f1o: los Golden Globe Awards o Globos de Oro 2019. Este a\u00f1o, adem\u00e1s de las sorpresas y espect\u00e1culos que tuvieron lugar, estuvo repleto de estilos novedosos, nunca antes vistos ni imaginados.<\/p>\n\n\n\n<p>Hoy, recogemos los estilos m\u00e1s extravagantes de la gala, adelantamos que su peculiaridad reside en las&nbsp;<a href=\"https:\/\/www.cencibel.es\/pajaritas\"><strong>pajaritas originales<\/strong><\/a>&nbsp;que eligieron nuestras celebrities. Asimismo, averiguaremos qu\u00e9 celebridades acertaron con la elecci\u00f3n de sus atuendos para los Golden Globe Awards 2019 en su 75 edici\u00f3n.<\/p>\n\n\n\n<h3 class=\"wp-block-heading\"><em><strong>Rami Malek, mejor actor y mejor estilo<\/strong><\/em><\/h3>\n\n\n\n<p>No es f\u00e1cil acertar un atuendo para la gala de los Globos de Oro. Los diferentes dise\u00f1adores se demoran meses dise\u00f1ando cada uno de los trajes que nuestras celebrities vayan a lucir en esta noche tan esperada.<\/p>\n\n\n\n<p>Sin embargo, el protagonista de Bohemian Rhapsody ha conseguido captar la mirada y el gusto de todos los espectadores de la gala. Esta noche luci\u00f3 un cl\u00e1sico pero elegante traje en negro con solapa de muesca. \u00bfSu secreto? La distinguida&nbsp;<a href=\"https:\/\/www.cencibel.es\/pajaritas?ce_color=46\"><strong>pajarita blanca<\/strong><\/a>.<\/p>\n\n\n\n<p>Si deseas lucir el mismo estilo que el mejor actor del a\u00f1o, h\u00e1zte con esta pajarita blanca de Cencibel e \u00a1Impresiona con tu estilazo!<\/p>\n\n\n\n<h3 class=\"wp-block-heading\"><em><strong>Timothee Chalamet, el rey fashion de la noche<\/strong><\/em><\/h3>\n\n\n\n<p>Una vez m\u00e1s, Timothee Chalamet decide alejarse de lo cl\u00e1sico para atreverse con lo imprevisible en moda. Esta vez, el nominado a Mejor Actor de Reparto para Beautiful Boy, ha sorprendido a todos rompiendo todos los est\u00e1ndares vistos hasta ahora. Con un outfit todo negro, destac\u00f3 principalmente por el arn\u00e9s lleno de pedrer\u00eda de Louis Vuitton acompa\u00f1ado de joyas de Cartier.<\/p>\n\n\n\n<p>\u00bfQu\u00e9 tal unos toques extra? Si deseas conseguir un estilo parecido al de Chalamet te recomendamos completar tu look d\u00e1ndole personalidad propia a\u00f1adiendo la&nbsp;<a href=\"https:\/\/www.cencibel.es\/pajarita-marino-lunares-azules\"><strong>pajarita negra de lunares azules<\/strong><\/a>&nbsp;que te har\u00e1 lucir tan espectacular como para asistir a la alfombra roja.<\/p>\n\n\n\n<h3 class=\"wp-block-heading\"><em><strong>Bradley Cooper, un juego de contrastes<\/strong><\/em><\/h3>\n\n\n\n<p>El actor y director de \u201cHa nacido una Estrella\u201d se luci\u00f3 en los globos de oro. Rompiendo con la tendencia all black del pasado a\u00f1o, esta vez, parece que todos nuestros actores se han puesto de acuerdo para romper todas las expectativas. \u00a1El color ha vuelto!<\/p>\n\n\n\n<p>S\u00f3lo debemos fijarnos en el traje blanco de boda que luci\u00f3 Bradley Cooper para su doble nominaci\u00f3n en la gala. Un esmoquin estilo all white capta la atenci\u00f3n de las c\u00e1maras. Sin embargo, hay un elemento clave en este estilo que enaltece su elegancia y distinci\u00f3n. \u00a1Exacto, la pajarita! Una vez m\u00e1s la pajarita es clave para un estilo moderno y original. As\u00ed que ya sabes, si este es tu deseo\u2026\u00a1Hazte con la mejor&nbsp;<a href=\"https:\/\/www.cencibel.es\/pajarita-terciopelo-negro\"><strong>pajarita de terciopelo negro<\/strong><\/a>&nbsp;estilo Cooper, ya!<\/p>\n\n\n\n<h3 class=\"wp-block-heading\"><strong><em>Darren Criss y la chaqueta fantasiosa<\/em><\/strong><\/h3>\n\n\n\n<p>Uno de los m\u00e1s esperados en la alfombra roja fue, sin duda, Darren Criss. El actor decidi\u00f3 ser uno de los focos de atenci\u00f3n de la noche y, lo consigui\u00f3. En un atuendo de base negro, la chaqueta de traje con estampado de cerezas fantasiosas sell\u00f3 una de las nuevas tendencias en moda en el mundo de hombre para este nuevo a\u00f1o 2019.<\/p>\n\n\n\n<p>Tambi\u00e9n, merece cr\u00e9dito la negra<a href=\"https:\/\/www.cencibel.es\/catalogsearch\/result\/?q=+pajarita+negra+cachemir\"><strong>\u00a0pajarita de cachemir<\/strong>\u00a0<\/a>que luci\u00f3 Criss con una gran sonrisa. No cabe duda que la chaqueta estampada sin el encanto de la pajarita hubiera perdido su belleza esencial. \u00bfY a t\u00ed, qu\u00e9 te parece la futura tendencia del a\u00f1o?<\/p>\n\n\n\n<h2 class=\"wp-block-heading\"><strong>La pajarita, la protagonista de la elegancia masculina en los Globos de Oro 2019<\/strong><\/h2>\n\n\n\n<p>Estos han sido solo algunos de los muchos que eligieron la pajarita como su prenda de estrella en la gala de los Golden Globe Awards 2019.<\/p>\n\n\n\n<p>La lista sigue. Pero, para que no se te escape ninguno de los estilos TOP y m\u00e1s repetidos en el evento te dejamos aqu\u00ed las celebrities a las que deber\u00e1s echar un ojo s\u00ed o s\u00ed.<\/p>\n\n\n\n<p>El estilo es similar: traje esmoquin todo negro, con camisa blanca y zapatos tambi\u00e9n negros. O, todo lo contrario: traje completamente blanco con una pajarita negra \u00bfo blanca? La pajarita, ha sido el elemento com\u00fan en todos estos outfit. Algunas de las celebrities que decidieron optar por este cl\u00e1sico estilo son Ricky Martin, Richard Madden, Luke Evans, Sacha Baron Cohen o Chadwick Boseman.<\/p>\n\n\n\n<h2 class=\"wp-block-heading\"><strong>La corbata, a\u00fan no se da por vencida<\/strong><\/h2>\n\n\n\n<p>Como ya hemos comentado, la pajarita ha estado el accesorio para hombres con mayor presencia en la gala de los Globos de Oro 2019. Sin embargo, la corbata no ha quedado atr\u00e1s. Muchos de los actores decidieron lucir corbatas espectaculares, maravillosamente combinadas con sus looks de gala.<\/p>\n\n\n\n<p>Destacamos sobre todo el acertado estilo de Idris Elba, combinando una atractiva corbata negra con un traje y chaleco de vestir de color verde. Tambi\u00e9n acertaron en su elecci\u00f3n Alfonso Cuar\u00f3n o Christian Bale con looks marcados por las corbatas negras en l\u00ednea con sus trajes en negro y sabiendo&nbsp;<a href=\"https:\/\/www.cencibel.es\/blog\/como-hacer-nudo-de-corbata-estrecha\"><strong>c\u00f3mo hacer un nudo de corbata<\/strong><\/a>&nbsp;con estilo.<\/p>\n\n\n\n<p>Recuerda que si deseas lucir el estilo de los Globos de Oro en tu pr\u00f3xima ocasi\u00f3n especial\u2026\u00a1H\u00e1zte con nuestros accesorios! Corbatas, Pajaritas, fulares y mucho m\u00e1s. S\u00f3lo para darle elegancia a tu refinado estilo.<\/p>\n\n<div class=\"kk-star-ratings\n     kksr-valign-bottom     kksr-align-left    \"\n    data-payload=\"{&quot;align&quot;:&quot;left&quot;,&quot;id&quot;:&quot;97&quot;,&quot;slug&quot;:&quot;default&quot;,&quot;valign&quot;:&quot;bottom&quot;,&quot;reference&quot;:&quot;auto&quot;,&quot;count&quot;:&quot;0&quot;,&quot;readonly&quot;:&quot;&quot;,&quot;score&quot;:&quot;0&quot;,&quot;best&quot;:&quot;5&quot;,&quot;gap&quot;:&quot;4&quot;,&quot;greet&quot;:&quot;Rate this post&quot;,&quot;legend&quot;:&quot;0\\\/5 - (0 votos)&quot;,&quot;size&quot;:&quot;24&quot;,&quot;width&quot;:&quot;0&quot;,&quot;_legend&quot;:&quot;{score}\\\/{best} - ({count} {votes})&quot;}\">\n    \n<div class=\"kksr-stars\">\n    \n<div class=\"kksr-stars-inactive\">\n            <div class=\"kksr-star\" data-star=\"1\" style=\"padding-right: 4px\">\n            \n\n<div class=\"kksr-icon\" style=\"width: 24px; height: 24px;\"><\/div>\n        <\/div>\n            <div class=\"kksr-star\" data-star=\"2\" style=\"padding-right: 4px\">\n            \n\n<div class=\"kksr-icon\" style=\"width: 24px; height: 24px;\"><\/div>\n        <\/div>\n            <div class=\"kksr-star\" data-star=\"3\" style=\"padding-right: 4px\">\n            \n\n<div class=\"kksr-icon\" style=\"width: 24px; height: 24px;\"><\/div>\n        <\/div>\n            <div class=\"kksr-star\" data-star=\"4\" style=\"padding-right: 4px\">\n            \n\n<div class=\"kksr-icon\" style=\"width: 24px; height: 24px;\"><\/div>\n        <\/div>\n            <div class=\"kksr-star\" data-star=\"5\" style=\"padding-right: 4px\">\n            \n\n<div class=\"kksr-icon\" style=\"width: 24px; height: 24px;\"><\/div>\n        <\/div>\n    <\/div>\n    \n<div class=\"kksr-stars-active\" style=\"width: 0px;\">\n            <div class=\"kksr-star\" style=\"padding-right: 4px\">\n            \n\n<div class=\"kksr-icon\" style=\"width: 24px; height: 24px;\"><\/div>\n        <\/div>\n            <div class=\"kksr-star\" style=\"padding-right: 4px\">\n            \n\n<div class=\"kksr-icon\" style=\"width: 24px; height: 24px;\"><\/div>\n        <\/div>\n            <div class=\"kksr-star\" style=\"padding-right: 4px\">\n            \n\n<div class=\"kksr-icon\" style=\"width: 24px; height: 24px;\"><\/div>\n        <\/div>\n            <div class=\"kksr-star\" style=\"padding-right: 4px\">\n            \n\n<div class=\"kksr-icon\" style=\"width: 24px; height: 24px;\"><\/div>\n        <\/div>\n            <div class=\"kksr-star\" style=\"padding-right: 4px\">\n            \n\n<div class=\"kksr-icon\" style=\"width: 24px; height: 24px;\"><\/div>\n        <\/div>\n    <\/div>\n<\/div>\n    \n<div class=\"kksr-legend\">\n            <span class=\"kksr-muted\">Rate this post<\/span>\n    <\/div>\n<\/div>\n","protected":false},"excerpt":{"rendered":"<p>Al principio de mes, despu\u00e9s de recuperarnos de las fiestas de fin de a\u00f1o, damos lugar a una de las galas m\u00e1s esperadas del a\u00f1o: los Golden Globe Awards o Globos de Oro 2019. Este a\u00f1o, adem\u00e1s de las sorpresas y espect\u00e1culos que tuvieron lugar, estuvo repleto de estilos novedosos, nunca antes vistos ni imaginados.<\/p>\n","protected":false},"author":2,"featured_media":98,"comment_status":"open","ping_status":"open","sticky":false,"template":"","format":"standard","meta":{"_monsterinsights_skip_tracking":false,"_monsterinsights_sitenote_active":false,"_monsterinsights_sitenote_note":"","_monsterinsights_sitenote_category":0,"footnotes":""},"categories":[2],"tags":[],"class_list":["post-97","post","type-post","status-publish","format-standard","has-post-thumbnail","hentry","category-moda-masculina"],"yoast_head":"<!-- This site is optimized with the Yoast SEO plugin v25.3.1 - https:\/\/yoast.com\/wordpress\/plugins\/seo\/ -->\n<title>\u00bfEstilo cl\u00e1sico al vestir una pajarita? | Globos de Oro 2019 - Cencibel<\/title>\n<meta name=\"robots\" content=\"index, follow, max-snippet:-1, max-image-preview:large, max-video-preview:-1\" \/>\n<link rel=\"canonical\" href=\"https:\/\/www.cencibel.es\/blog\/estilo-clasico-al-vestir-una-pajarita-globos-de-oro-2019\/\" \/>\n<meta property=\"og:locale\" content=\"es_ES\" \/>\n<meta property=\"og:type\" content=\"article\" \/>\n<meta property=\"og:title\" content=\"\u00bfEstilo cl\u00e1sico al vestir una pajarita? | Globos de Oro 2019 - Cencibel\" \/>\n<meta property=\"og:description\" content=\"Al principio de mes, despu\u00e9s de recuperarnos de las fiestas de fin de a\u00f1o, damos lugar a una de las galas m\u00e1s esperadas del a\u00f1o: los Golden Globe Awards o Globos de Oro 2019. Este a\u00f1o, adem\u00e1s de las sorpresas y espect\u00e1culos que tuvieron lugar, estuvo repleto de estilos novedosos, nunca antes vistos ni imaginados.\" \/>\n<meta property=\"og:url\" content=\"https:\/\/www.cencibel.es\/blog\/estilo-clasico-al-vestir-una-pajarita-globos-de-oro-2019\/\" \/>\n<meta property=\"og:site_name\" content=\"Cencibel\" \/>\n<meta property=\"article:publisher\" content=\"https:\/\/www.facebook.com\/cencibel\/\" \/>\n<meta property=\"article:published_time\" content=\"2019-01-14T11:15:00+00:00\" \/>\n<meta property=\"article:modified_time\" content=\"2022-07-22T15:04:49+00:00\" \/>\n<meta property=\"og:image\" content=\"https:\/\/www.cencibel.es\/blog\/wp-content\/uploads\/2020\/04\/estilo-clasico-al-vestir-una-pajarita-globos-de-oro-2019.jpg\" \/>\n\t<meta property=\"og:image:width\" content=\"1920\" \/>\n\t<meta property=\"og:image:height\" content=\"1080\" \/>\n\t<meta property=\"og:image:type\" content=\"image\/jpeg\" \/>\n<meta name=\"author\" content=\"Cencibel\" \/>\n<meta name=\"twitter:card\" content=\"summary_large_image\" \/>\n<meta name=\"twitter:creator\" content=\"@cencibelties\" \/>\n<meta name=\"twitter:site\" content=\"@cencibelties\" \/>\n<meta name=\"twitter:label1\" content=\"Escrito por\" \/>\n\t<meta name=\"twitter:data1\" content=\"Cencibel\" \/>\n\t<meta name=\"twitter:label2\" content=\"Tiempo de lectura\" \/>\n\t<meta name=\"twitter:data2\" content=\"4 minutos\" \/>\n<script type=\"application\/ld+json\" class=\"yoast-schema-graph\">{\"@context\":\"https:\/\/schema.org\",\"@graph\":[{\"@type\":\"Article\",\"@id\":\"https:\/\/www.cencibel.es\/blog\/estilo-clasico-al-vestir-una-pajarita-globos-de-oro-2019\/#article\",\"isPartOf\":{\"@id\":\"https:\/\/www.cencibel.es\/blog\/estilo-clasico-al-vestir-una-pajarita-globos-de-oro-2019\/\"},\"author\":{\"name\":\"Cencibel\",\"@id\":\"https:\/\/www.cencibel.es\/blog\/#\/schema\/person\/8b2fc92ea0a3467fd6c2e3c2f7d100a2\"},\"headline\":\"\u00bfEstilo cl\u00e1sico al vestir una pajarita? | Globos de Oro 2019\",\"datePublished\":\"2019-01-14T11:15:00+00:00\",\"dateModified\":\"2022-07-22T15:04:49+00:00\",\"mainEntityOfPage\":{\"@id\":\"https:\/\/www.cencibel.es\/blog\/estilo-clasico-al-vestir-una-pajarita-globos-de-oro-2019\/\"},\"wordCount\":919,\"commentCount\":0,\"publisher\":{\"@id\":\"https:\/\/www.cencibel.es\/blog\/#organization\"},\"image\":{\"@id\":\"https:\/\/www.cencibel.es\/blog\/estilo-clasico-al-vestir-una-pajarita-globos-de-oro-2019\/#primaryimage\"},\"thumbnailUrl\":\"https:\/\/www.cencibel.es\/blog\/wp-content\/uploads\/2020\/04\/estilo-clasico-al-vestir-una-pajarita-globos-de-oro-2019.jpg\",\"articleSection\":[\"Estilo\"],\"inLanguage\":\"es\",\"potentialAction\":[{\"@type\":\"CommentAction\",\"name\":\"Comment\",\"target\":[\"https:\/\/www.cencibel.es\/blog\/estilo-clasico-al-vestir-una-pajarita-globos-de-oro-2019\/#respond\"]}]},{\"@type\":\"WebPage\",\"@id\":\"https:\/\/www.cencibel.es\/blog\/estilo-clasico-al-vestir-una-pajarita-globos-de-oro-2019\/\",\"url\":\"https:\/\/www.cencibel.es\/blog\/estilo-clasico-al-vestir-una-pajarita-globos-de-oro-2019\/\",\"name\":\"\u00bfEstilo cl\u00e1sico al vestir una pajarita? | Globos de Oro 2019 - Cencibel\",\"isPartOf\":{\"@id\":\"https:\/\/www.cencibel.es\/blog\/#website\"},\"primaryImageOfPage\":{\"@id\":\"https:\/\/www.cencibel.es\/blog\/estilo-clasico-al-vestir-una-pajarita-globos-de-oro-2019\/#primaryimage\"},\"image\":{\"@id\":\"https:\/\/www.cencibel.es\/blog\/estilo-clasico-al-vestir-una-pajarita-globos-de-oro-2019\/#primaryimage\"},\"thumbnailUrl\":\"https:\/\/www.cencibel.es\/blog\/wp-content\/uploads\/2020\/04\/estilo-clasico-al-vestir-una-pajarita-globos-de-oro-2019.jpg\",\"datePublished\":\"2019-01-14T11:15:00+00:00\",\"dateModified\":\"2022-07-22T15:04:49+00:00\",\"breadcrumb\":{\"@id\":\"https:\/\/www.cencibel.es\/blog\/estilo-clasico-al-vestir-una-pajarita-globos-de-oro-2019\/#breadcrumb\"},\"inLanguage\":\"es\",\"potentialAction\":[{\"@type\":\"ReadAction\",\"target\":[\"https:\/\/www.cencibel.es\/blog\/estilo-clasico-al-vestir-una-pajarita-globos-de-oro-2019\/\"]}]},{\"@type\":\"ImageObject\",\"inLanguage\":\"es\",\"@id\":\"https:\/\/www.cencibel.es\/blog\/estilo-clasico-al-vestir-una-pajarita-globos-de-oro-2019\/#primaryimage\",\"url\":\"https:\/\/www.cencibel.es\/blog\/wp-content\/uploads\/2020\/04\/estilo-clasico-al-vestir-una-pajarita-globos-de-oro-2019.jpg\",\"contentUrl\":\"https:\/\/www.cencibel.es\/blog\/wp-content\/uploads\/2020\/04\/estilo-clasico-al-vestir-una-pajarita-globos-de-oro-2019.jpg\",\"width\":1920,\"height\":1080,\"caption\":\"\u00bfEstilo cl\u00e1sico al vestir una pajarita? | Globos de Oro 2019\"},{\"@type\":\"BreadcrumbList\",\"@id\":\"https:\/\/www.cencibel.es\/blog\/estilo-clasico-al-vestir-una-pajarita-globos-de-oro-2019\/#breadcrumb\",\"itemListElement\":[{\"@type\":\"ListItem\",\"position\":1,\"name\":\"Portada\",\"item\":\"https:\/\/www.cencibel.es\/blog\/\"},{\"@type\":\"ListItem\",\"position\":2,\"name\":\"\u00bfEstilo cl\u00e1sico al vestir una pajarita? | Globos de Oro 2019\"}]},{\"@type\":\"WebSite\",\"@id\":\"https:\/\/www.cencibel.es\/blog\/#website\",\"url\":\"https:\/\/www.cencibel.es\/blog\/\",\"name\":\"Cencibel\",\"description\":\"Blog de moda masculina\",\"publisher\":{\"@id\":\"https:\/\/www.cencibel.es\/blog\/#organization\"},\"potentialAction\":[{\"@type\":\"SearchAction\",\"target\":{\"@type\":\"EntryPoint\",\"urlTemplate\":\"https:\/\/www.cencibel.es\/blog\/?s={search_term_string}\"},\"query-input\":{\"@type\":\"PropertyValueSpecification\",\"valueRequired\":true,\"valueName\":\"search_term_string\"}}],\"inLanguage\":\"es\"},{\"@type\":\"Organization\",\"@id\":\"https:\/\/www.cencibel.es\/blog\/#organization\",\"name\":\"CENCIBEL\",\"url\":\"https:\/\/www.cencibel.es\/blog\/\",\"logo\":{\"@type\":\"ImageObject\",\"inLanguage\":\"es\",\"@id\":\"https:\/\/www.cencibel.es\/blog\/#\/schema\/logo\/image\/\",\"url\":\"https:\/\/www.cencibel.es\/blog\/wp-content\/uploads\/2020\/04\/logo-cencibel.png\",\"contentUrl\":\"https:\/\/www.cencibel.es\/blog\/wp-content\/uploads\/2020\/04\/logo-cencibel.png\",\"width\":157,\"height\":129,\"caption\":\"CENCIBEL\"},\"image\":{\"@id\":\"https:\/\/www.cencibel.es\/blog\/#\/schema\/logo\/image\/\"},\"sameAs\":[\"https:\/\/www.facebook.com\/cencibel\/\",\"https:\/\/x.com\/cencibelties\"]},{\"@type\":\"Person\",\"@id\":\"https:\/\/www.cencibel.es\/blog\/#\/schema\/person\/8b2fc92ea0a3467fd6c2e3c2f7d100a2\",\"name\":\"Cencibel\",\"image\":{\"@type\":\"ImageObject\",\"inLanguage\":\"es\",\"@id\":\"https:\/\/www.cencibel.es\/blog\/#\/schema\/person\/image\/\",\"url\":\"https:\/\/secure.gravatar.com\/avatar\/f18f4c495d7668060b70ea4d64213c64cb98fd0d06d267a1c1d8208bcb93f77b?s=96&d=mm&r=g\",\"contentUrl\":\"https:\/\/secure.gravatar.com\/avatar\/f18f4c495d7668060b70ea4d64213c64cb98fd0d06d267a1c1d8208bcb93f77b?s=96&d=mm&r=g\",\"caption\":\"Cencibel\"},\"sameAs\":[\"https:\/\/www.cencibel.es\"]}]}<\/script>\n<!-- \/ Yoast SEO plugin. -->","yoast_head_json":{"title":"\u00bfEstilo cl\u00e1sico al vestir una pajarita? | Globos de Oro 2019 - Cencibel","robots":{"index":"index","follow":"follow","max-snippet":"max-snippet:-1","max-image-preview":"max-image-preview:large","max-video-preview":"max-video-preview:-1"},"canonical":"https:\/\/www.cencibel.es\/blog\/estilo-clasico-al-vestir-una-pajarita-globos-de-oro-2019\/","og_locale":"es_ES","og_type":"article","og_title":"\u00bfEstilo cl\u00e1sico al vestir una pajarita? | Globos de Oro 2019 - Cencibel","og_description":"Al principio de mes, despu\u00e9s de recuperarnos de las fiestas de fin de a\u00f1o, damos lugar a una de las galas m\u00e1s esperadas del a\u00f1o: los Golden Globe Awards o Globos de Oro 2019. Este a\u00f1o, adem\u00e1s de las sorpresas y espect\u00e1culos que tuvieron lugar, estuvo repleto de estilos novedosos, nunca antes vistos ni imaginados.","og_url":"https:\/\/www.cencibel.es\/blog\/estilo-clasico-al-vestir-una-pajarita-globos-de-oro-2019\/","og_site_name":"Cencibel","article_publisher":"https:\/\/www.facebook.com\/cencibel\/","article_published_time":"2019-01-14T11:15:00+00:00","article_modified_time":"2022-07-22T15:04:49+00:00","og_image":[{"width":1920,"height":1080,"url":"https:\/\/www.cencibel.es\/blog\/wp-content\/uploads\/2020\/04\/estilo-clasico-al-vestir-una-pajarita-globos-de-oro-2019.jpg","type":"image\/jpeg"}],"author":"Cencibel","twitter_card":"summary_large_image","twitter_creator":"@cencibelties","twitter_site":"@cencibelties","twitter_misc":{"Escrito por":"Cencibel","Tiempo de lectura":"4 minutos"},"schema":{"@context":"https:\/\/schema.org","@graph":[{"@type":"Article","@id":"https:\/\/www.cencibel.es\/blog\/estilo-clasico-al-vestir-una-pajarita-globos-de-oro-2019\/#article","isPartOf":{"@id":"https:\/\/www.cencibel.es\/blog\/estilo-clasico-al-vestir-una-pajarita-globos-de-oro-2019\/"},"author":{"name":"Cencibel","@id":"https:\/\/www.cencibel.es\/blog\/#\/schema\/person\/8b2fc92ea0a3467fd6c2e3c2f7d100a2"},"headline":"\u00bfEstilo cl\u00e1sico al vestir una pajarita? | Globos de Oro 2019","datePublished":"2019-01-14T11:15:00+00:00","dateModified":"2022-07-22T15:04:49+00:00","mainEntityOfPage":{"@id":"https:\/\/www.cencibel.es\/blog\/estilo-clasico-al-vestir-una-pajarita-globos-de-oro-2019\/"},"wordCount":919,"commentCount":0,"publisher":{"@id":"https:\/\/www.cencibel.es\/blog\/#organization"},"image":{"@id":"https:\/\/www.cencibel.es\/blog\/estilo-clasico-al-vestir-una-pajarita-globos-de-oro-2019\/#primaryimage"},"thumbnailUrl":"https:\/\/www.cencibel.es\/blog\/wp-content\/uploads\/2020\/04\/estilo-clasico-al-vestir-una-pajarita-globos-de-oro-2019.jpg","articleSection":["Estilo"],"inLanguage":"es","potentialAction":[{"@type":"CommentAction","name":"Comment","target":["https:\/\/www.cencibel.es\/blog\/estilo-clasico-al-vestir-una-pajarita-globos-de-oro-2019\/#respond"]}]},{"@type":"WebPage","@id":"https:\/\/www.cencibel.es\/blog\/estilo-clasico-al-vestir-una-pajarita-globos-de-oro-2019\/","url":"https:\/\/www.cencibel.es\/blog\/estilo-clasico-al-vestir-una-pajarita-globos-de-oro-2019\/","name":"\u00bfEstilo cl\u00e1sico al vestir una pajarita? | Globos de Oro 2019 - Cencibel","isPartOf":{"@id":"https:\/\/www.cencibel.es\/blog\/#website"},"primaryImageOfPage":{"@id":"https:\/\/www.cencibel.es\/blog\/estilo-clasico-al-vestir-una-pajarita-globos-de-oro-2019\/#primaryimage"},"image":{"@id":"https:\/\/www.cencibel.es\/blog\/estilo-clasico-al-vestir-una-pajarita-globos-de-oro-2019\/#primaryimage"},"thumbnailUrl":"https:\/\/www.cencibel.es\/blog\/wp-content\/uploads\/2020\/04\/estilo-clasico-al-vestir-una-pajarita-globos-de-oro-2019.jpg","datePublished":"2019-01-14T11:15:00+00:00","dateModified":"2022-07-22T15:04:49+00:00","breadcrumb":{"@id":"https:\/\/www.cencibel.es\/blog\/estilo-clasico-al-vestir-una-pajarita-globos-de-oro-2019\/#breadcrumb"},"inLanguage":"es","potentialAction":[{"@type":"ReadAction","target":["https:\/\/www.cencibel.es\/blog\/estilo-clasico-al-vestir-una-pajarita-globos-de-oro-2019\/"]}]},{"@type":"ImageObject","inLanguage":"es","@id":"https:\/\/www.cencibel.es\/blog\/estilo-clasico-al-vestir-una-pajarita-globos-de-oro-2019\/#primaryimage","url":"https:\/\/www.cencibel.es\/blog\/wp-content\/uploads\/2020\/04\/estilo-clasico-al-vestir-una-pajarita-globos-de-oro-2019.jpg","contentUrl":"https:\/\/www.cencibel.es\/blog\/wp-content\/uploads\/2020\/04\/estilo-clasico-al-vestir-una-pajarita-globos-de-oro-2019.jpg","width":1920,"height":1080,"caption":"\u00bfEstilo cl\u00e1sico al vestir una pajarita? | Globos de Oro 2019"},{"@type":"BreadcrumbList","@id":"https:\/\/www.cencibel.es\/blog\/estilo-clasico-al-vestir-una-pajarita-globos-de-oro-2019\/#breadcrumb","itemListElement":[{"@type":"ListItem","position":1,"name":"Portada","item":"https:\/\/www.cencibel.es\/blog\/"},{"@type":"ListItem","position":2,"name":"\u00bfEstilo cl\u00e1sico al vestir una pajarita? | Globos de Oro 2019"}]},{"@type":"WebSite","@id":"https:\/\/www.cencibel.es\/blog\/#website","url":"https:\/\/www.cencibel.es\/blog\/","name":"Cencibel","description":"Blog de moda masculina","publisher":{"@id":"https:\/\/www.cencibel.es\/blog\/#organization"},"potentialAction":[{"@type":"SearchAction","target":{"@type":"EntryPoint","urlTemplate":"https:\/\/www.cencibel.es\/blog\/?s={search_term_string}"},"query-input":{"@type":"PropertyValueSpecification","valueRequired":true,"valueName":"search_term_string"}}],"inLanguage":"es"},{"@type":"Organization","@id":"https:\/\/www.cencibel.es\/blog\/#organization","name":"CENCIBEL","url":"https:\/\/www.cencibel.es\/blog\/","logo":{"@type":"ImageObject","inLanguage":"es","@id":"https:\/\/www.cencibel.es\/blog\/#\/schema\/logo\/image\/","url":"https:\/\/www.cencibel.es\/blog\/wp-content\/uploads\/2020\/04\/logo-cencibel.png","contentUrl":"https:\/\/www.cencibel.es\/blog\/wp-content\/uploads\/2020\/04\/logo-cencibel.png","width":157,"height":129,"caption":"CENCIBEL"},"image":{"@id":"https:\/\/www.cencibel.es\/blog\/#\/schema\/logo\/image\/"},"sameAs":["https:\/\/www.facebook.com\/cencibel\/","https:\/\/x.com\/cencibelties"]},{"@type":"Person","@id":"https:\/\/www.cencibel.es\/blog\/#\/schema\/person\/8b2fc92ea0a3467fd6c2e3c2f7d100a2","name":"Cencibel","image":{"@type":"ImageObject","inLanguage":"es","@id":"https:\/\/www.cencibel.es\/blog\/#\/schema\/person\/image\/","url":"https:\/\/secure.gravatar.com\/avatar\/f18f4c495d7668060b70ea4d64213c64cb98fd0d06d267a1c1d8208bcb93f77b?s=96&d=mm&r=g","contentUrl":"https:\/\/secure.gravatar.com\/avatar\/f18f4c495d7668060b70ea4d64213c64cb98fd0d06d267a1c1d8208bcb93f77b?s=96&d=mm&r=g","caption":"Cencibel"},"sameAs":["https:\/\/www.cencibel.es"]}]}},"_links":{"self":[{"href":"https:\/\/www.cencibel.es\/blog\/wp-json\/wp\/v2\/posts\/97","targetHints":{"allow":["GET"]}}],"collection":[{"href":"https:\/\/www.cencibel.es\/blog\/wp-json\/wp\/v2\/posts"}],"about":[{"href":"https:\/\/www.cencibel.es\/blog\/wp-json\/wp\/v2\/types\/post"}],"author":[{"embeddable":true,"href":"https:\/\/www.cencibel.es\/blog\/wp-json\/wp\/v2\/users\/2"}],"replies":[{"embeddable":true,"href":"https:\/\/www.cencibel.es\/blog\/wp-json\/wp\/v2\/comments?post=97"}],"version-history":[{"count":2,"href":"https:\/\/www.cencibel.es\/blog\/wp-json\/wp\/v2\/posts\/97\/revisions"}],"predecessor-version":[{"id":876,"href":"https:\/\/www.cencibel.es\/blog\/wp-json\/wp\/v2\/posts\/97\/revisions\/876"}],"wp:featuredmedia":[{"embeddable":true,"href":"https:\/\/www.cencibel.es\/blog\/wp-json\/wp\/v2\/media\/98"}],"wp:attachment":[{"href":"https:\/\/www.cencibel.es\/blog\/wp-json\/wp\/v2\/media?parent=97"}],"wp:term":[{"taxonomy":"category","embeddable":true,"href":"https:\/\/www.cencibel.es\/blog\/wp-json\/wp\/v2\/categories?post=97"},{"taxonomy":"post_tag","embeddable":true,"href":"https:\/\/www.cencibel.es\/blog\/wp-json\/wp\/v2\/tags?post=97"}],"curies":[{"name":"wp","href":"https:\/\/api.w.org\/{rel}","templated":true}]}}